{"id":682,"date":"2014-09-30T09:46:42","date_gmt":"2014-09-30T15:46:42","guid":{"rendered":"http:\/\/www.lasallechihuahua.edu.mx\/wordpress\/?p=682"},"modified":"2014-09-30T10:06:17","modified_gmt":"2014-09-30T16:06:17","slug":"ganadores-carrera-pedestre","status":"publish","type":"post","link":"https:\/\/www.lasallechihuahua.edu.mx\/wordpress\/2014\/09\/ganadores-carrera-pedestre\/","title":{"rendered":"Ganadores de nuestra Carrera Pedestre"},"content":{"rendered":"<p>Este domingo 28 de septiembre se realizo por sexta ocasi\u00f3n con gran \u00e9xito la Carrera Pedestre en honor a nuestro Profr. Jes\u00fas Villalobos con una participaci\u00f3n de 517 competidores. Un gran ambiente familiar fue el que se disfruto esa ma\u00f1ana al ver el entusiasmo y esfuerzo que cada uno de los competidores para obtener un buen lugar.<\/p>\n<p style=\"text-align: justify;\">A continuacion les dejamos los resultados de los ganadores, adem\u00e1s de algunas fotografias:<\/p>\n<p style=\"text-align: justify;\">\u00a0<strong>Tercero y Cuarto de Primaria<\/strong><\/p>\n<p style=\"text-align: justify;\">1\u00b0 Santiago Palma Silva\u00a0\u00a0\u00a0\u00a0\u00a0\u00a0\u00a0\u00a0\u00a0\u00a0\u00a0\u00a0\u00a0\u00a0\u00a0\u00a0\u00a0\u00a0 4\u00aa\u00a0\u00a0\u00a0\u00a0\u00a0\u00a0\u00a0\u00a0\u00a0\u00a0\u00a0\u00a0\u00a0\u00a0\u00a0\u00a0\u00a0\u00a0\u00a0\u00a0\u00a0\u00a0\u00a0\u00a0\u00a0\u00a0\u00a0\u00a0\u00a0\u00a0\u00a0\u00a0\u00a0 1\u00b0 Valeria Oviedo<\/p>\n<p style=\"text-align: justify;\">2\u00b0 Javier Pimentel \u00a0\u00a0\u00a0\u00a0\u00a0\u00a0\u00a0\u00a0\u00a0\u00a0\u00a0\u00a0\u00a0\u00a0\u00a0\u00a0\u00a0\u00a0\u00a0\u00a0\u00a0\u00a0\u00a0\u00a0\u00a0\u00a0\u00a0 4C\u00a0\u00a0\u00a0\u00a0\u00a0\u00a0\u00a0\u00a0\u00a0 \u00a0 \u00a0 \u00a0 \u00a0 \u00a0 \u00a0\u00a0\u00a0 \u00a0\u00a0\u00a0\u00a0\u00a0\u00a0\u00a0 2\u00b0 Luisa Hern\u00e1ndez<\/p>\n<p style=\"text-align: justify;\">3\u00b0 Arturo G\u00e1lvez Mu\u00f1oz\u00a0 \u00a0\u00a0\u00a0\u00a0\u00a0\u00a0\u00a0\u00a0\u00a0\u00a0\u00a0\u00a0\u00a0\u00a0\u00a0 4C\u00a0\u00a0\u00a0\u00a0\u00a0\u00a0\u00a0\u00a0\u00a0\u00a0\u00a0\u00a0\u00a0\u00a0\u00a0\u00a0 \u00a0 \u00a0\u00a0 \u00a0\u00a0\u00a0\u00a0\u00a0\u00a0\u00a0 \u00a0\u00a0 3\u00b0 Valeria Zubia<\/p>\n<p style=\"text-align: justify;\"><strong>Quinto y Sexto de Primaria<\/strong><\/p>\n<p style=\"text-align: justify;\">1\u00b0 Obed Rivas Quiroz\u00a0\u00a0\u00a0\u00a0\u00a0\u00a0\u00a0\u00a0\u00a0\u00a0\u00a0\u00a0\u00a0\u00a0\u00a0\u00a0\u00a0\u00a0\u00a0\u00a0\u00a0\u00a0 5A\u00a0\u00a0\u00a0\u00a0\u00a0\u00a0\u00a0\u00a0\u00a0\u00a0\u00a0\u00a0\u00a0\u00a0\u00a0\u00a0\u00a0\u00a0\u00a0\u00a0\u00a0\u00a0\u00a0\u00a0\u00a0 \u00a0\u00a0\u00a0\u00a0\u00a0\u00a0 1\u00b0 Daniela Wong \u00a0\u00a0\u00a0\u00a0\u00a0\u00a0\u00a0\u00a0\u00a0\u00a0\u00a0\u00a0\u00a0\u00a0 6C<\/p>\n<p style=\"text-align: justify;\">2\u00b0 Jorge Guijarro\u00a0\u00a0\u00a0\u00a0\u00a0\u00a0\u00a0\u00a0\u00a0\u00a0\u00a0\u00a0\u00a0\u00a0\u00a0\u00a0\u00a0\u00a0\u00a0\u00a0\u00a0\u00a0\u00a0\u00a0\u00a0\u00a0\u00a0\u00a0\u00a0\u00a0\u00a0\u00a0\u00a0\u00a0\u00a0\u00a0\u00a0\u00a0\u00a0\u00a0\u00a0\u00a0\u00a0\u00a0\u00a0\u00a0\u00a0\u00a0\u00a0\u00a0\u00a0\u00a0\u00a0\u00a0\u00a0\u00a0\u00a0\u00a0\u00a0\u00a0\u00a0 \u00a0\u00a0\u00a0\u00a0\u00a0 2\u00b0 Isabella S\u00e1enz<\/p>\n<p style=\"text-align: justify;\">3\u00b0 Blass Flores \u00a0\u00a0\u00a0\u00a0\u00a0\u00a0\u00a0\u00a0\u00a0\u00a0\u00a0\u00a0\u00a0\u00a0\u00a0\u00a0\u00a0\u00a0\u00a0\u00a0\u00a0\u00a0\u00a0\u00a0\u00a0\u00a0\u00a0\u00a0\u00a0\u00a0\u00a0\u00a0\u00a0 6C\u00a0\u00a0\u00a0\u00a0\u00a0\u00a0\u00a0\u00a0\u00a0\u00a0\u00a0\u00a0\u00a0\u00a0\u00a0\u00a0\u00a0\u00a0\u00a0\u00a0\u00a0\u00a0\u00a0\u00a0\u00a0 \u00a0\u00a0\u00a0\u00a0\u00a0\u00a0 3\u00b0 Isabella Guijarro<\/p>\n<p style=\"text-align: justify;\"><strong>Secundaria<\/strong><\/p>\n<p style=\"text-align: justify;\">1\u00b0 Rodrigo Vald\u00e9s\u00a0\u00a0\u00a0\u00a0\u00a0\u00a0\u00a0\u00a0\u00a0\u00a0\u00a0\u00a0\u00a0\u00a0\u00a0\u00a0\u00a0\u00a0\u00a0\u00a0\u00a0\u00a0\u00a0\u00a0\u00a0\u00a0\u00a0\u00a0 2B\u00a0\u00a0\u00a0\u00a0\u00a0\u00a0\u00a0\u00a0\u00a0\u00a0\u00a0\u00a0\u00a0\u00a0\u00a0\u00a0\u00a0\u00a0\u00a0\u00a0\u00a0\u00a0\u00a0\u00a0\u00a0\u00a0\u00a0\u00a0\u00a0\u00a0\u00a0\u00a0 1\u00b0 Yatzely Dom\u00ednguez\u00a0\u00a0\u00a0\u00a0\u00a0 2C<\/p>\n<p style=\"text-align: justify;\">2\u00b0 Andre Garc\u00eda Navarrete\u00a0\u00a0\u00a0\u00a0\u00a0\u00a0\u00a0\u00a0\u00a0\u00a0\u00a0\u00a0 3C\u00a0\u00a0\u00a0\u00a0\u00a0\u00a0\u00a0\u00a0\u00a0\u00a0\u00a0\u00a0\u00a0\u00a0\u00a0\u00a0\u00a0\u00a0\u00a0\u00a0\u00a0\u00a0\u00a0\u00a0\u00a0\u00a0\u00a0\u00a0\u00a0\u00a0\u00a0\u00a0 2\u00b0 Mar\u00eda Teresa Gallo\u00a0\u00a0\u00a0\u00a0\u00a0 3C<\/p>\n<p style=\"text-align: justify;\">3\u00b0 V\u00edctor Arredondo Valdez\u00a0\u00a0\u00a0\u00a0\u00a0\u00a0\u00a0\u00a0\u00a0\u00a0\u00a0 2\u00aa\u00a0\u00a0\u00a0\u00a0\u00a0\u00a0\u00a0\u00a0\u00a0\u00a0\u00a0\u00a0\u00a0\u00a0\u00a0\u00a0\u00a0\u00a0\u00a0\u00a0\u00a0\u00a0\u00a0\u00a0\u00a0\u00a0\u00a0\u00a0\u00a0\u00a0\u00a0\u00a0 3\u00b0 Nicole Baeza\u00a0\u00a0\u00a0\u00a0\u00a0\u00a0\u00a0\u00a0\u00a0\u00a0\u00a0\u00a0\u00a0\u00a0\u00a0\u00a0\u00a0 3A<\/p>\n<p style=\"text-align: justify;\">3\u00b0 Antonio Valenzuela\u00a0\u00a0\u00a0\u00a0\u00a0\u00a0\u00a0\u00a0\u00a0\u00a0\u00a0\u00a0\u00a0\u00a0\u00a0\u00a0\u00a0\u00a0\u00a0\u00a0 2D\u00a0\u00a0\u00a0\u00a0\u00a0\u00a0\u00a0\u00a0\u00a0\u00a0\u00a0\u00a0\u00a0\u00a0\u00a0\u00a0\u00a0\u00a0\u00a0\u00a0\u00a0\u00a0\u00a0\u00a0\u00a0\u00a0\u00a0\u00a0\u00a0\u00a0\u00a0\u00a0 3\u00b0 Abigail Vel\u00e1zquez \u00a0\u00a0\u00a0\u00a0\u00a0\u00a0\u00a0 3C<\/p>\n<p style=\"text-align: justify;\">Premio Especial \u2013 Diego Escobar 5A Primaria\u00a0\u00a0\u00a0\u00a0\u00a0\u00a0\u00a0\u00a0\u00a0\u00a0\u00a0\u00a0\u00a0\u00a0\u00a0 Premio Especial \u2013 Alexa Alonso 3A Primaria<\/p>\n<p style=\"text-align: justify;\"><strong>Preparatoria<\/strong><\/p>\n<p style=\"text-align: justify;\">1\u00b0 Adolfo Cadena\u00a0\u00a0\u00a0\u00a0\u00a0\u00a0\u00a0\u00a0\u00a0\u00a0\u00a0\u00a0\u00a0\u00a0\u00a0\u00a0\u00a0\u00a0\u00a0\u00a0\u00a0\u00a0\u00a0\u00a0\u00a0\u00a0\u00a0\u00a0\u00a0 3C\u00a0\u00a0\u00a0\u00a0\u00a0\u00a0\u00a0\u00a0\u00a0\u00a0\u00a0\u00a0\u00a0\u00a0\u00a0\u00a0\u00a0\u00a0\u00a0\u00a0\u00a0\u00a0\u00a0\u00a0\u00a0\u00a0\u00a0\u00a0\u00a0\u00a0\u00a0\u00a0\u00a0 1\u00b0 Marissa Laf\u00f3n\u00a0\u00a0\u00a0\u00a0\u00a0\u00a0\u00a0\u00a0\u00a0\u00a0\u00a0\u00a0\u00a0\u00a0 5B<\/p>\n<p style=\"text-align: justify;\">2\u00b0 Jes\u00fas Villalobos\u00a0\u00a0\u00a0\u00a0\u00a0\u00a0\u00a0\u00a0\u00a0\u00a0\u00a0\u00a0\u00a0\u00a0\u00a0\u00a0\u00a0\u00a0\u00a0\u00a0\u00a0\u00a0\u00a0\u00a0\u00a0\u00a0\u00a0 3D\u00a0\u00a0\u00a0\u00a0\u00a0\u00a0\u00a0\u00a0\u00a0\u00a0\u00a0\u00a0\u00a0\u00a0\u00a0\u00a0\u00a0\u00a0\u00a0\u00a0\u00a0\u00a0\u00a0\u00a0\u00a0\u00a0\u00a0\u00a0\u00a0\u00a0\u00a0\u00a0 2\u00b0 Pamela Rubalcaba<\/p>\n<p style=\"text-align: justify;\">3\u00b0 Luis Lugo\u00a0\u00a0\u00a0\u00a0\u00a0\u00a0\u00a0\u00a0\u00a0\u00a0\u00a0\u00a0\u00a0\u00a0\u00a0\u00a0\u00a0\u00a0\u00a0\u00a0\u00a0\u00a0\u00a0\u00a0\u00a0\u00a0\u00a0\u00a0\u00a0\u00a0\u00a0\u00a0\u00a0\u00a0\u00a0\u00a0\u00a0\u00a0\u00a0 1D\u00a0\u00a0\u00a0\u00a0\u00a0\u00a0\u00a0\u00a0\u00a0\u00a0\u00a0\u00a0\u00a0\u00a0\u00a0\u00a0\u00a0\u00a0\u00a0\u00a0\u00a0\u00a0\u00a0\u00a0\u00a0\u00a0\u00a0\u00a0\u00a0\u00a0\u00a0\u00a0 3\u00b0 Daniela Falomir<\/p>\n<p style=\"text-align: justify;\"><strong>Maestros<\/strong><\/p>\n<p style=\"text-align: justify;\">1\u00b0 Javier Quintana\u00a0\u00a0\u00a0\u00a0\u00a0\u00a0\u00a0\u00a0\u00a0\u00a0\u00a0\u00a0\u00a0\u00a0\u00a0\u00a0\u00a0\u00a0\u00a0\u00a0\u00a0\u00a0\u00a0\u00a0\u00a0\u00a0\u00a0 Atletismo<\/p>\n<p style=\"text-align: justify;\">2\u00b0 Juan Baeza\u00a0\u00a0\u00a0\u00a0\u00a0\u00a0\u00a0\u00a0\u00a0\u00a0\u00a0\u00a0\u00a0\u00a0\u00a0\u00a0\u00a0\u00a0\u00a0\u00a0\u00a0\u00a0\u00a0\u00a0\u00a0\u00a0\u00a0\u00a0\u00a0\u00a0\u00a0\u00a0\u00a0\u00a0\u00a0 Basquetbol<\/p>\n<p style=\"text-align: justify;\">3\u00b0 Mart\u00edn Gonz\u00e1lez\u00a0\u00a0\u00a0\u00a0\u00a0\u00a0\u00a0\u00a0\u00a0\u00a0\u00a0\u00a0\u00a0\u00a0\u00a0\u00a0\u00a0\u00a0\u00a0\u00a0\u00a0\u00a0\u00a0\u00a0\u00a0 F\u00fatbol Americano<\/p>\n<p style=\"text-align: justify;\"><strong>Padres de Familia<\/strong><\/p>\n<p style=\"text-align: justify;\">1\u00b0 Juan Mendoza<\/p>\n<p style=\"text-align: justify;\">2\u00b0 H\u00e9ctor Espino<\/p>\n<p style=\"text-align: justify;\">3\u00b0 Gabriel Garc\u00eda<\/p>\n<p style=\"text-align: justify;\"><strong>Abuelitos<\/strong><\/p>\n<p style=\"text-align: justify;\">1\u00b0 Miguel Garc\u00eda<\/p>\n<p style=\"text-align: justify;\">2\u00b0 Javier De la Vega<\/p>\n<p><embed width=\"100%\" height=\"400\" type=\"application\/x-shockwave-flash\" src=\"https:\/\/www.flickr.com\/apps\/slideshow\/show.swf?v=1811922554\" allowfullscreen=\"allowfullscreen\" flashvars=\"offsite=true&amp;lang=es-us&amp;page_show_url=%2Fphotos%2Flasallechihuahua%2Fsets%2F72157647803687598%2Fshow%2F&amp;page_show_back_url=%2Fphotos%2Flasallechihuahua%2Fsets%2F72157647803687598%2F&amp;set_id=72157647803687598&amp;jump_to=\"\/><\/p>\n","protected":false},"excerpt":{"rendered":"<p>Este domingo 28 de septiembre se realizo por sexta ocasi\u00f3n con gran \u00e9xito la Carrera Pedestre en honor a nuestro Profr. Jes\u00fas Villalobos con una participaci\u00f3n de 517 competidores. Un gran ambiente familiar fue el que se disfruto esa ma\u00f1ana al ver el entusiasmo y esfuerzo que cada uno de los competidores para obtener un buen lugar. A continuacion les&nbsp;<a href=\"https:\/\/www.lasallechihuahua.edu.mx\/wordpress\/2014\/09\/ganadores-carrera-pedestre\/\">[&hellip;]<\/a><\/p>\n","protected":false},"author":3,"featured_media":693,"comment_status":"closed","ping_status":"open","sticky":false,"template":"","format":"standard","meta":[],"categories":[32,49,23,8,16,13],"tags":[102,225,104,103,105],"_links":{"self":[{"href":"https:\/\/www.lasallechihuahua.edu.mx\/wordpress\/wp-json\/wp\/v2\/posts\/682"}],"collection":[{"href":"https:\/\/www.lasallechihuahua.edu.mx\/wordpress\/wp-json\/wp\/v2\/posts"}],"about":[{"href":"https:\/\/www.lasallechihuahua.edu.mx\/wordpress\/wp-json\/wp\/v2\/types\/post"}],"author":[{"embeddable":true,"href":"https:\/\/www.lasallechihuahua.edu.mx\/wordpress\/wp-json\/wp\/v2\/users\/3"}],"replies":[{"embeddable":true,"href":"https:\/\/www.lasallechihuahua.edu.mx\/wordpress\/wp-json\/wp\/v2\/comments?post=682"}],"version-history":[{"count":5,"href":"https:\/\/www.lasallechihuahua.edu.mx\/wordpress\/wp-json\/wp\/v2\/posts\/682\/revisions"}],"predecessor-version":[{"id":690,"href":"https:\/\/www.lasallechihuahua.edu.mx\/wordpress\/wp-json\/wp\/v2\/posts\/682\/revisions\/690"}],"wp:featuredmedia":[{"embeddable":true,"href":"https:\/\/www.lasallechihuahua.edu.mx\/wordpress\/wp-json\/wp\/v2\/media\/693"}],"wp:attachment":[{"href":"https:\/\/www.lasallechihuahua.edu.mx\/wordpress\/wp-json\/wp\/v2\/media?parent=682"}],"wp:term":[{"taxonomy":"category","embeddable":true,"href":"https:\/\/www.lasallechihuahua.edu.mx\/wordpress\/wp-json\/wp\/v2\/categories?post=682"},{"taxonomy":"post_tag","embeddable":true,"href":"https:\/\/www.lasallechihuahua.edu.mx\/wordpress\/wp-json\/wp\/v2\/tags?post=682"}],"curies":[{"name":"wp","href":"https:\/\/api.w.org\/{rel}","templated":true}]}}