{"id":2479,"date":"2016-10-11T10:58:00","date_gmt":"2016-10-11T16:58:00","guid":{"rendered":"http:\/\/www.lasallechihuahua.edu.mx\/wordpress\/?p=2479"},"modified":"2016-10-11T12:49:50","modified_gmt":"2016-10-11T18:49:50","slug":"canonizacion-hno-salomon-leclercq","status":"publish","type":"post","link":"https:\/\/www.lasallechihuahua.edu.mx\/wordpress\/2016\/10\/canonizacion-hno-salomon-leclercq\/","title":{"rendered":"Canonizaci\u00f3n Hno. Salom\u00f3n Leclercq"},"content":{"rendered":"<div class=\"page-header\">\n<h2>El Hermano de La Salle Salomon Leclercq ser\u00e1 declarado santo<\/h2>\n<\/div>\n<p style=\"text-align: justify;\"><a href=\"http:\/\/www.lasalle.es\/images\/stories\/FotosNoticias\/0Mayo2016\/lasalle.jpg\"><img loading=\"lazy\" class=\"aligncenter\" src=\"http:\/\/www.lasalle.es\/images\/stories\/FotosNoticias\/0Mayo2016\/lasalle.jpg\" alt=\"lasalle\" width=\"220\" height=\"277\" \/><\/a><\/p>\n<p style=\"text-align: justify;\">El Beato franc\u00e9s <strong>Salomon Leclercq<\/strong>, m\u00e1rtir y miembro de los Hermanos de las Escuelas Cristianas, La Salle, ser\u00e1 declarado santo luego que el <strong>Papa Francisco<\/strong> reconociera los milagros atribuidos a su intercesi\u00f3n, fue informado \u00a0en el mes de Mayo pasado por\u00a0la Santa Sede.<\/p>\n<p style=\"text-align: justify;\">El Santo Padre recibi\u00f3 el 9 de mayo de 2016 al Prefecto de la Congregaci\u00f3n para las Causas de los Santos, Cardenal Angelo Amato y autoriz\u00f3 la promulgaci\u00f3n de los decretos sobre los milagros atribuidos al Beato Ludovico Pavoni, sacerdote italiano y fundador de la Congregaci\u00f3n de los Hijos de Mar\u00eda Inmaculada; junto al Beato franc\u00e9s Salom\u00f3n Leclercq, m\u00e1rtir y miembro de los Hermanos de las Escuelas Cristianas (La Salle)\u00a0. Adem\u00e1s, se reconocieron las virtudes heroicas del Siervo de Dios Rafael Manuel Almansa Ria\u00f1o, sacerdote colombiano, profeso de la Orden de los Frailes Menores.<\/p>\n<p><strong>M\u00e1rtir de la revoluci\u00f3n francesa<\/strong><\/p>\n<p style=\"text-align: justify;\">El Beato <strong>Salomon Leclercq<\/strong> (cuyo nombre de bautizo fue Guillaume-Nicolas-Louis Leclercq), naci\u00f3 en Francia el 15 de noviembre de 1745. Miembro de los Hermanos de las Escuelas Cristianas (La Salle), entrado en el Noviciado de La Salle en 1767. vivi\u00f3 la revoluci\u00f3n francesa y los ataques laicistas contra la Iglesia.<\/p>\n<p style=\"text-align: justify;\">La persecuci\u00f3n religiosa golpe\u00f3 duramente tambi\u00e9n a varios miembros de su congregaci\u00f3n, pues las leyes consideraban ilegales las estructuras ilegales y exige a los religiosos no cumplir con sus votos bajo pena de muerte.<\/p>\n<p style=\"text-align: justify;\">Despu\u00e9s del derrocamiento de la monarqu\u00eda, al comienzo de la Revoluci\u00f3n francesa, el blanco siguiente fue la Iglesia. En 1790, la Constituci\u00f3n civil del Clero dio al estado el control de la Iglesia en Francia. Los sacerdotes y religiosos deb\u00edan prestar juramento de fidelidad a la Constituci\u00f3n bajo pena de exilio, de encarcelamiento y hasta de muerte. La mayor parte de los Hermanos se negaron y tuvieron que abandonar sus escuelas y comunidades, y esconderse, el Instituto ya no ten\u00eda estatuto legal.<\/p>\n<p style=\"text-align: justify;\">El Hermano Salom\u00f3n era en esa \u00e9poca secretario del Hermano Agathon, Superior General, despu\u00e9s de haber sido maestro, director, ec\u00f3nomo. Manifest\u00f3 siempre gran amor por las almas y gran abnegaci\u00f3n en sus tareas. Habi\u00e9ndose negado a prestar juramento, viv\u00eda solo en Par\u00eds en la clandestinidad. Conservamos de \u00e9l numerosas cartas que escrib\u00eda a su familia. La \u00faltima lleva la fecha del 15 de agosto de 1792. Ese mismo d\u00eda fue arrestado y encerrado en el Convento de los Carmelitas transformado en prisi\u00f3n, junto a numerosos obispos, sacerdotes y religiosos.<\/p>\n<p style=\"text-align: justify;\">El futuro santo es el primer lasallista en sufrir el martirio el 2 de septiembre de 1792 en el jard\u00edn del convento carmelita en Par\u00eds, convertido en prisi\u00f3n por los revolucionarios. Ten\u00eda 46 a\u00f1os.<\/p>\n<p style=\"text-align: justify;\">Fue beatificado el 17 de octubre de 1926 junto con <strong>94 compa\u00f1eros<\/strong> del martirio en el convento del Carmen, por el Papa P\u00edo XI.<\/p>\n<p style=\"text-align: justify;\">Fue el primero de los Hermanos de las Escuelas Cristianas de La Salle en ser m\u00e1rtir y tambi\u00e9n el primero de esa Congregaci\u00f3n en ser beatificado.<\/p>\n<ul>\n<li><a href=\"https:\/\/www.lasallechihuahua.edu.mx\/wordpress\/wp-content\/uploads\/2016\/10\/Invitacion-Eucaristia-Hno-Salomon.pdf\">Descargar Circular<\/a> Invitaci\u00f3n a Eucarist\u00eda por canonizaci\u00f3n del Hno Salom\u00f3n.<\/li>\n<li><a href=\"https:\/\/www.lasallechihuahua.edu.mx\/wordpress\/wp-content\/uploads\/2016\/10\/H-Salomo\u0301n.pdf\">Descargar Folleto<\/a> &#8220;El Hermano Salom\u00f3n&#8221;<\/li>\n<\/ul>\n<p>&nbsp;<\/p>\n","protected":false},"excerpt":{"rendered":"<p>El Hermano de La Salle Salomon Leclercq ser\u00e1 declarado santo El Beato franc\u00e9s Salomon Leclercq, m\u00e1rtir y miembro de los Hermanos de las Escuelas Cristianas, La Salle, ser\u00e1 declarado santo luego que el Papa Francisco reconociera los milagros atribuidos a su intercesi\u00f3n, fue informado \u00a0en el mes de Mayo pasado por\u00a0la Santa Sede. El Santo Padre recibi\u00f3 el 9 de&nbsp;<a href=\"https:\/\/www.lasallechihuahua.edu.mx\/wordpress\/2016\/10\/canonizacion-hno-salomon-leclercq\/\">[&hellip;]<\/a><\/p>\n","protected":false},"author":2,"featured_media":2483,"comment_status":"closed","ping_status":"open","sticky":false,"template":"","format":"standard","meta":[],"categories":[186,49,3,52,23,8,16,13],"tags":[],"_links":{"self":[{"href":"https:\/\/www.lasallechihuahua.edu.mx\/wordpress\/wp-json\/wp\/v2\/posts\/2479"}],"collection":[{"href":"https:\/\/www.lasallechihuahua.edu.mx\/wordpress\/wp-json\/wp\/v2\/posts"}],"about":[{"href":"https:\/\/www.lasallechihuahua.edu.mx\/wordpress\/wp-json\/wp\/v2\/types\/post"}],"author":[{"embeddable":true,"href":"https:\/\/www.lasallechihuahua.edu.mx\/wordpress\/wp-json\/wp\/v2\/users\/2"}],"replies":[{"embeddable":true,"href":"https:\/\/www.lasallechihuahua.edu.mx\/wordpress\/wp-json\/wp\/v2\/comments?post=2479"}],"version-history":[{"count":5,"href":"https:\/\/www.lasallechihuahua.edu.mx\/wordpress\/wp-json\/wp\/v2\/posts\/2479\/revisions"}],"predecessor-version":[{"id":2490,"href":"https:\/\/www.lasallechihuahua.edu.mx\/wordpress\/wp-json\/wp\/v2\/posts\/2479\/revisions\/2490"}],"wp:featuredmedia":[{"embeddable":true,"href":"https:\/\/www.lasallechihuahua.edu.mx\/wordpress\/wp-json\/wp\/v2\/media\/2483"}],"wp:attachment":[{"href":"https:\/\/www.lasallechihuahua.edu.mx\/wordpress\/wp-json\/wp\/v2\/media?parent=2479"}],"wp:term":[{"taxonomy":"category","embeddable":true,"href":"https:\/\/www.lasallechihuahua.edu.mx\/wordpress\/wp-json\/wp\/v2\/categories?post=2479"},{"taxonomy":"post_tag","embeddable":true,"href":"https:\/\/www.lasallechihuahua.edu.mx\/wordpress\/wp-json\/wp\/v2\/tags?post=2479"}],"curies":[{"name":"wp","href":"https:\/\/api.w.org\/{rel}","templated":true}]}}