{"id":2442,"date":"2016-09-29T12:47:39","date_gmt":"2016-09-29T18:47:39","guid":{"rendered":"http:\/\/www.lasallechihuahua.edu.mx\/wordpress\/?p=2442"},"modified":"2016-09-29T12:47:39","modified_gmt":"2016-09-29T18:47:39","slug":"circular-preescolar-y-primaria-taller-peces-2016","status":"publish","type":"post","link":"https:\/\/www.lasallechihuahua.edu.mx\/wordpress\/2016\/09\/circular-preescolar-y-primaria-taller-peces-2016\/","title":{"rendered":"Circular Preescolar y Primaria: Taller PECES 2016"},"content":{"rendered":"<p>Estimados Padres de Familia:<\/p>\n<p style=\"text-align: justify;\">Nos es muy grato informar a Ustedes que pr\u00f3ximamente el Departamento de Orientaci\u00f3n Educativa iniciar\u00e1 el Taller de Familias\u00a0de Calidad correspondiente al Ciclo Escolar 2016-2017, orientado a Padres de Familia de las Secciones de Preescolar y Primaria.<\/p>\n<p style=\"text-align: justify;\">El taller tiene por objetivo \u201cofrecer a los padres las herramientas necesarias para formar hijos m\u00e1s responsables, seguros de s\u00ed\u00a0mismos y valiosos para su medio ambiente\u201d; por lo que consideramos que es \u00fatil para la convivencia con ellos.<\/p>\n<p style=\"text-align: justify;\">La actividad ser\u00e1 en base al Programa \u201cPadres Eficaces Con Entrenamiento Sistem\u00e1tico (PECES Infancia) abordando los siguientes\u00a0temas: Todas las Sesiones se llevar\u00e1n a cabo en el Sal\u00f3n de Audiovisual situado a al costado izquierdo de la Biblioteca.<\/p>\n<p style=\"text-align: justify;\">La Lista de Temas y Fechas es como sigue:<\/p>\n<ul>\n<li style=\"text-align: justify;\"><strong><em>Junta informativa e inscripci\u00f3n.<\/em><\/strong> Martes 4 de octubre 8:00 a 8:30 a.m.; \u00danicamente esta sesi\u00f3n ser\u00e1 en este horario.<\/li>\n<li style=\"text-align: justify;\"><strong><em>C\u00f3mo comprender a su hijo y a usted mismo.<\/em><\/strong> Martes 11 de octubre de\u00a008:00\u00a0a 10:30 a.m.<\/li>\n<li style=\"text-align: justify;\"><em><strong>C\u00f3mo comprender las creencias y los sentimientos.<\/strong><\/em> Martes 18 de octubre\u00a0de\u00a008:00\u00a0a 10:30 a.m.<\/li>\n<li style=\"text-align: justify;\"><em><strong>C\u00f3mo alentar a su hijo y a usted mismo.<\/strong><\/em> Martes 25 de octubre\u00a0de\u00a008:00\u00a0a 10:30 a.m.<\/li>\n<li style=\"text-align: justify;\"><strong><em>C\u00f3mo escuchar y hablar con su hijo.<\/em><\/strong> Martes 1 de noviembre\u00a0\u00a0de\u00a008:00\u00a0a 10:30 a.m.<\/li>\n<li style=\"text-align: justify;\"><strong><em>C\u00f3mo ayudar a sus hijos para que aprendan a cooperar.<\/em><\/strong> Martes 8 de noviembre\u00a0de\u00a008:00\u00a0a 10:30 a.m.<\/li>\n<li style=\"text-align: justify;\"><strong><em>Una disciplina que tiene sentido.<\/em> <\/strong>Martes 15 de noviembre\u00a0de\u00a008:00\u00a0a 10:30 a.m.<\/li>\n<li style=\"text-align: justify;\"><strong><em>C\u00f3mo elegir su estrategia.<\/em><\/strong> Cierre del taller. Martes 22 de noviembre\u00a0\u00a0de\u00a008:00\u00a0a 10:30 a.m.<\/li>\n<\/ul>\n<p style=\"text-align: justify;\">La cuota de recuperaci\u00f3n es de $400.00 por familia, misma que cubrir\u00e1 refrigerio, gastos de papeler\u00eda y el manual de apoyo que\u00a0utilizaremos.<\/p>\n<p style=\"text-align: justify;\">La cuota deber\u00e1 ser cubierta en Direcci\u00f3n General.<\/p>\n<p style=\"text-align: justify;\">Por lo anterior hacemos a ustedes una cordial invitaci\u00f3n para que asistan a la junta informativa del Taller Familias de Calidad\u00a0(PECES), este martes 4 de octubre a las 08:00 a.m. en el audiovisual, ya que ser\u00e1 una oportunidad de convivencia, crecimiento\u00a0personal y en su labor como Padres de Familia.<\/p>\n<p style=\"text-align: justify;\">Agradeciendo de antemano la atenci\u00f3n a la presente y esperando contar con su amable presencia.<\/p>\n<p style=\"text-align: justify;\">A T E N T A M E N T E<\/p>\n<p style=\"text-align: justify;\">Lic. Alejandra Castillo y Lic. Maribel Dur\u00e1n.\u00a0Orientadoras de Preescolar y Primaria<\/p>\n<p style=\"text-align: justify;\">Hno. Rodrigo Sandoval Candete.\u00a0Director General<\/p>\n<p style=\"text-align: center;\"><strong><span style=\"text-decoration: underline;\">NOTA: SE ENVIO ESTA CIRCULAR IMPRESA, FAVOR DE FIRMAR DE ENTERADOS Y REGRESAR EL TAL\u00d3N CON SU HIJO(A).<\/span><\/strong><\/p>\n","protected":false},"excerpt":{"rendered":"<p>Estimados Padres de Familia: Nos es muy grato informar a Ustedes que pr\u00f3ximamente el Departamento de Orientaci\u00f3n Educativa iniciar\u00e1 el Taller de Familias\u00a0de Calidad correspondiente al Ciclo Escolar 2016-2017, orientado a Padres de Familia de las Secciones de Preescolar y Primaria. El taller tiene por objetivo \u201cofrecer a los padres las herramientas necesarias para formar hijos m\u00e1s responsables, seguros de&nbsp;<a href=\"https:\/\/www.lasallechihuahua.edu.mx\/wordpress\/2016\/09\/circular-preescolar-y-primaria-taller-peces-2016\/\">[&hellip;]<\/a><\/p>\n","protected":false},"author":2,"featured_media":1167,"comment_status":"closed","ping_status":"open","sticky":false,"template":"","format":"standard","meta":[],"categories":[186,23,16],"tags":[],"_links":{"self":[{"href":"https:\/\/www.lasallechihuahua.edu.mx\/wordpress\/wp-json\/wp\/v2\/posts\/2442"}],"collection":[{"href":"https:\/\/www.lasallechihuahua.edu.mx\/wordpress\/wp-json\/wp\/v2\/posts"}],"about":[{"href":"https:\/\/www.lasallechihuahua.edu.mx\/wordpress\/wp-json\/wp\/v2\/types\/post"}],"author":[{"embeddable":true,"href":"https:\/\/www.lasallechihuahua.edu.mx\/wordpress\/wp-json\/wp\/v2\/users\/2"}],"replies":[{"embeddable":true,"href":"https:\/\/www.lasallechihuahua.edu.mx\/wordpress\/wp-json\/wp\/v2\/comments?post=2442"}],"version-history":[{"count":1,"href":"https:\/\/www.lasallechihuahua.edu.mx\/wordpress\/wp-json\/wp\/v2\/posts\/2442\/revisions"}],"predecessor-version":[{"id":2444,"href":"https:\/\/www.lasallechihuahua.edu.mx\/wordpress\/wp-json\/wp\/v2\/posts\/2442\/revisions\/2444"}],"wp:featuredmedia":[{"embeddable":true,"href":"https:\/\/www.lasallechihuahua.edu.mx\/wordpress\/wp-json\/wp\/v2\/media\/1167"}],"wp:attachment":[{"href":"https:\/\/www.lasallechihuahua.edu.mx\/wordpress\/wp-json\/wp\/v2\/media?parent=2442"}],"wp:term":[{"taxonomy":"category","embeddable":true,"href":"https:\/\/www.lasallechihuahua.edu.mx\/wordpress\/wp-json\/wp\/v2\/categories?post=2442"},{"taxonomy":"post_tag","embeddable":true,"href":"https:\/\/www.lasallechihuahua.edu.mx\/wordpress\/wp-json\/wp\/v2\/tags?post=2442"}],"curies":[{"name":"wp","href":"https:\/\/api.w.org\/{rel}","templated":true}]}}