{"id":2395,"date":"2016-09-09T14:20:13","date_gmt":"2016-09-09T20:20:13","guid":{"rendered":"http:\/\/www.lasallechihuahua.edu.mx\/wordpress\/?p=2395"},"modified":"2016-09-09T14:20:13","modified_gmt":"2016-09-09T20:20:13","slug":"circular-primaria-horarios-de-entrevista-con-maestros","status":"publish","type":"post","link":"https:\/\/www.lasallechihuahua.edu.mx\/wordpress\/2016\/09\/circular-primaria-horarios-de-entrevista-con-maestros\/","title":{"rendered":"Circular Primaria: Horarios de Entrevista con Maestros"},"content":{"rendered":"<p style=\"text-align: right;\">Ciclo Escolar 2016 \u2013 2017<br \/>\nSEGUNDA CIRCULAR DE PRIMARIA DEL MES DE SEPTIEMBRE<br \/>\nSecci\u00f3n Primaria<br \/>\n9 de septiembre de 2016<\/p>\n<p style=\"text-align: justify;\">Estimados Padres de Familia:<\/p>\n<p style=\"text-align: justify;\">Nos permitimos saludarlos con el gusto de siempre y enterarlos de los horarios de entrevistas que ustedes pueden realizar con el profesor (a) de su hijo(a) en caso requerido, pidi\u00e9ndoles de la manera m\u00e1s atenta no interrumpir la clase fuera de este horario y hacer cita en la Coordinaci\u00f3n al tel\u00e9fono 432-39-00 ext. 212, por su atenci\u00f3n gracias.<\/p>\n<p style=\"text-align: justify;\">Para ver los horarios los invitamos a hacer clic en el siguiente enlace:\u00a0<a href=\"https:\/\/www.lasallechihuahua.edu.mx\/wordpress\/wp-content\/uploads\/2016\/09\/HORARIOS-DE-ENTREVISTAS-CON-MAESTROS-PRIMARIA-2016-2017.pdf\" target=\"_blank\">Ver Horarios de Entrevista<\/a><\/p>\n<p style=\"text-align: justify;\">Atentamente<\/p>\n<p style=\"text-align: justify;\">Lic. Gila Elizabeth Cornejo Leyva.\u00a0Coordinadora de Primaria<\/p>\n<p style=\"text-align: justify;\">Hno. Rodrigo Sandoval Candete. Director General<\/p>\n<p><strong><em>FAVOR DE FIRMAR DE ENTERADOS EN LA AGENDA,\u00a0EN EL ESPACIO DE AVISOS Y CIRCULARES<\/em><\/strong><\/p>\n","protected":false},"excerpt":{"rendered":"<p>Ciclo Escolar 2016 \u2013 2017 SEGUNDA CIRCULAR DE PRIMARIA DEL MES DE SEPTIEMBRE Secci\u00f3n Primaria 9 de septiembre de 2016 Estimados Padres de Familia: Nos permitimos saludarlos con el gusto de siempre y enterarlos de los horarios de entrevistas que ustedes pueden realizar con el profesor (a) de su hijo(a) en caso requerido, pidi\u00e9ndoles de la manera m\u00e1s atenta no&nbsp;<a href=\"https:\/\/www.lasallechihuahua.edu.mx\/wordpress\/2016\/09\/circular-primaria-horarios-de-entrevista-con-maestros\/\">[&hellip;]<\/a><\/p>\n","protected":false},"author":2,"featured_media":1170,"comment_status":"closed","ping_status":"open","sticky":false,"template":"","format":"standard","meta":[],"categories":[186,16],"tags":[],"_links":{"self":[{"href":"https:\/\/www.lasallechihuahua.edu.mx\/wordpress\/wp-json\/wp\/v2\/posts\/2395"}],"collection":[{"href":"https:\/\/www.lasallechihuahua.edu.mx\/wordpress\/wp-json\/wp\/v2\/posts"}],"about":[{"href":"https:\/\/www.lasallechihuahua.edu.mx\/wordpress\/wp-json\/wp\/v2\/types\/post"}],"author":[{"embeddable":true,"href":"https:\/\/www.lasallechihuahua.edu.mx\/wordpress\/wp-json\/wp\/v2\/users\/2"}],"replies":[{"embeddable":true,"href":"https:\/\/www.lasallechihuahua.edu.mx\/wordpress\/wp-json\/wp\/v2\/comments?post=2395"}],"version-history":[{"count":1,"href":"https:\/\/www.lasallechihuahua.edu.mx\/wordpress\/wp-json\/wp\/v2\/posts\/2395\/revisions"}],"predecessor-version":[{"id":2397,"href":"https:\/\/www.lasallechihuahua.edu.mx\/wordpress\/wp-json\/wp\/v2\/posts\/2395\/revisions\/2397"}],"wp:featuredmedia":[{"embeddable":true,"href":"https:\/\/www.lasallechihuahua.edu.mx\/wordpress\/wp-json\/wp\/v2\/media\/1170"}],"wp:attachment":[{"href":"https:\/\/www.lasallechihuahua.edu.mx\/wordpress\/wp-json\/wp\/v2\/media?parent=2395"}],"wp:term":[{"taxonomy":"category","embeddable":true,"href":"https:\/\/www.lasallechihuahua.edu.mx\/wordpress\/wp-json\/wp\/v2\/categories?post=2395"},{"taxonomy":"post_tag","embeddable":true,"href":"https:\/\/www.lasallechihuahua.edu.mx\/wordpress\/wp-json\/wp\/v2\/tags?post=2395"}],"curies":[{"name":"wp","href":"https:\/\/api.w.org\/{rel}","templated":true}]}}