{"id":2139,"date":"2016-04-08T13:26:53","date_gmt":"2016-04-08T19:26:53","guid":{"rendered":"http:\/\/www.lasallechihuahua.edu.mx\/wordpress\/?p=2139"},"modified":"2016-04-08T13:26:53","modified_gmt":"2016-04-08T19:26:53","slug":"circular-primaria-fotografia-de-6os-de-primaria","status":"publish","type":"post","link":"https:\/\/www.lasallechihuahua.edu.mx\/wordpress\/2016\/04\/circular-primaria-fotografia-de-6os-de-primaria\/","title":{"rendered":"Circular Primaria: Fotograf\u00eda de 6os. de Primaria"},"content":{"rendered":"<p style=\"text-align: right;\">Ciclo Escolar 2015 \u2013 2016<br \/>\nSEGUNDA CIRCULAR DE ABRIL<br \/>\nSecci\u00f3n Primaria<br \/>\n08 de abril de 2016<\/p>\n<p style=\"text-align: justify;\">Apreciables Padres de Familia:<\/p>\n<p style=\"text-align: justify;\">Debemos estar verdaderamente alegres por la Resurrecci\u00f3n de Jesucristo, nuestro Se\u00f1or. En este tiempo de\u00a0Pascua que comienza, debemos aprovechar todas las gracias que Dios nos da para crecer en nuestra fe y ser\u00a0mejores. Vivamos con profundidad este tiempo.<\/p>\n<p style=\"text-align: justify;\">Antes de finalizar el sexto grado de primaria, se toman las fotograf\u00edas que integrar\u00e1n el certificado. \u00c9sta se\u00a0llevar\u00e1 cabo el mi\u00e9rcoles 13 de abril. (\u00danicamente este d\u00eda ser\u00e1 la toma de la fotograf\u00eda) Es importante asistir\u00a0con el <strong>uniforme de gala<\/strong> . Es importante que los ni\u00f1os asistan desde el lunes 11 con su pelo corto, a fin de\u00a0revisar que todos cumplan con este requisito.<\/p>\n<p style=\"text-align: justify;\">Por ser una fotograf\u00eda que formar\u00e1 parte de un documento oficial se tiene que observar los siguientes\u00a0requerimientos, ante los cuales les pedimos su exacta observaci\u00f3n:<\/p>\n<p style=\"text-align: justify;\">1.- Cabello corto para los hombres.<br \/>\n2.- Bien peinado, sin el cabello parado, tipo punk: hombres y mujeres.<br \/>\n3.- Con frente y orejas despejadas: hombres y mujeres.<br \/>\n4.- Sin aretes y lentes.<br \/>\n5.- En el caso de las ni\u00f1as el pelo recogido y ning\u00fan adorno en el cabeza,<\/p>\n<p style=\"text-align: justify;\">Agradecemos su apoyo en esta actividad, de manera especial que vengan arreglados desde casa, a fin de\u00a0agilizar la toma de las fotograf\u00edas, ya que no nos permitir\u00e1n peinarlos por cuestiones de tiempo.<\/p>\n<p style=\"text-align: justify;\">Agradecemos su atenci\u00f3n a la presente.<\/p>\n<p style=\"text-align: justify;\">Atentamente.<\/p>\n<p style=\"text-align: justify;\">Lic. Gila Elizabeth Cornejo Leyva.\u00a0Coordinadora de Primaria<\/p>\n<p style=\"text-align: justify;\">MCE. Rodrigo Sandoval Candete. Director General<\/p>\n<p>&nbsp;<\/p>\n","protected":false},"excerpt":{"rendered":"<p>Ciclo Escolar 2015 \u2013 2016 SEGUNDA CIRCULAR DE ABRIL Secci\u00f3n Primaria 08 de abril de 2016 Apreciables Padres de Familia: Debemos estar verdaderamente alegres por la Resurrecci\u00f3n de Jesucristo, nuestro Se\u00f1or. En este tiempo de\u00a0Pascua que comienza, debemos aprovechar todas las gracias que Dios nos da para crecer en nuestra fe y ser\u00a0mejores. Vivamos con profundidad este tiempo. Antes de&nbsp;<a href=\"https:\/\/www.lasallechihuahua.edu.mx\/wordpress\/2016\/04\/circular-primaria-fotografia-de-6os-de-primaria\/\">[&hellip;]<\/a><\/p>\n","protected":false},"author":2,"featured_media":1170,"comment_status":"closed","ping_status":"open","sticky":false,"template":"","format":"standard","meta":[],"categories":[186,16],"tags":[],"_links":{"self":[{"href":"https:\/\/www.lasallechihuahua.edu.mx\/wordpress\/wp-json\/wp\/v2\/posts\/2139"}],"collection":[{"href":"https:\/\/www.lasallechihuahua.edu.mx\/wordpress\/wp-json\/wp\/v2\/posts"}],"about":[{"href":"https:\/\/www.lasallechihuahua.edu.mx\/wordpress\/wp-json\/wp\/v2\/types\/post"}],"author":[{"embeddable":true,"href":"https:\/\/www.lasallechihuahua.edu.mx\/wordpress\/wp-json\/wp\/v2\/users\/2"}],"replies":[{"embeddable":true,"href":"https:\/\/www.lasallechihuahua.edu.mx\/wordpress\/wp-json\/wp\/v2\/comments?post=2139"}],"version-history":[{"count":1,"href":"https:\/\/www.lasallechihuahua.edu.mx\/wordpress\/wp-json\/wp\/v2\/posts\/2139\/revisions"}],"predecessor-version":[{"id":2141,"href":"https:\/\/www.lasallechihuahua.edu.mx\/wordpress\/wp-json\/wp\/v2\/posts\/2139\/revisions\/2141"}],"wp:featuredmedia":[{"embeddable":true,"href":"https:\/\/www.lasallechihuahua.edu.mx\/wordpress\/wp-json\/wp\/v2\/media\/1170"}],"wp:attachment":[{"href":"https:\/\/www.lasallechihuahua.edu.mx\/wordpress\/wp-json\/wp\/v2\/media?parent=2139"}],"wp:term":[{"taxonomy":"category","embeddable":true,"href":"https:\/\/www.lasallechihuahua.edu.mx\/wordpress\/wp-json\/wp\/v2\/categories?post=2139"},{"taxonomy":"post_tag","embeddable":true,"href":"https:\/\/www.lasallechihuahua.edu.mx\/wordpress\/wp-json\/wp\/v2\/tags?post=2139"}],"curies":[{"name":"wp","href":"https:\/\/api.w.org\/{rel}","templated":true}]}}