{"id":2135,"date":"2016-04-05T10:14:15","date_gmt":"2016-04-05T16:14:15","guid":{"rendered":"http:\/\/www.lasallechihuahua.edu.mx\/wordpress\/?p=2135"},"modified":"2016-04-05T10:14:15","modified_gmt":"2016-04-05T16:14:15","slug":"circular-primaria-papas-lectores-de-abril-2016","status":"publish","type":"post","link":"https:\/\/www.lasallechihuahua.edu.mx\/wordpress\/2016\/04\/circular-primaria-papas-lectores-de-abril-2016\/","title":{"rendered":"Circular Primaria: Pap\u00e1s Lectores de Abril 2016"},"content":{"rendered":"<p style=\"text-align: justify;\">Estimados Padres de familia:<\/p>\n<p style=\"text-align: justify;\">Pap\u00e1, mam\u00e1 te recuerdo la cita que tienes conmigo en el Taller de Pap\u00e1s Lectores, para m\u00ed es muy importante\u00a0tu acompa\u00f1amiento.<\/p>\n<p style=\"text-align: justify;\">Ven al sal\u00f3n a leer y convive con mis compa\u00f1eros y conmigo. Bienvenidos abuelitos, abuelitas, t\u00edos, t\u00edas.<\/p>\n<p style=\"text-align: justify;\">Te pido tambi\u00e9n asistas al taller de preparaci\u00f3n en el cual elegir\u00e1s un libro, cuento o art\u00edculo informativo y te\u00a0enterar\u00e1s como es la mec\u00e1nica de la lectura en grupos. Te esperamos en la Biblioteca San Miguel Febres\u00a0Cordero, el viernes 8 de abril a las 8:00 a.m. La lectura en mi grupo ser\u00e1 el jueves 14 de abril.<\/p>\n<p style=\"text-align: center;\">\u00a1No faltes para m\u00ed es muy importante tu compa\u00f1\u00eda!<\/p>\n<p style=\"text-align: left;\">Esperamos a los pap\u00e1s, mam\u00e1s, abuelitos de los alumnos incluidos en la circular anexa: <a href=\"https:\/\/www.lasallechihuahua.edu.mx\/wordpress\/wp-content\/uploads\/2016\/04\/PAPA\u0301S-LECTORES-ABRIL-PRIMARIA.pdf\" target=\"_blank\">Descargar<\/a><\/p>\n","protected":false},"excerpt":{"rendered":"<p>Estimados Padres de familia: Pap\u00e1, mam\u00e1 te recuerdo la cita que tienes conmigo en el Taller de Pap\u00e1s Lectores, para m\u00ed es muy importante\u00a0tu acompa\u00f1amiento. Ven al sal\u00f3n a leer y convive con mis compa\u00f1eros y conmigo. Bienvenidos abuelitos, abuelitas, t\u00edos, t\u00edas. Te pido tambi\u00e9n asistas al taller de preparaci\u00f3n en el cual elegir\u00e1s un libro, cuento o art\u00edculo informativo&nbsp;<a href=\"https:\/\/www.lasallechihuahua.edu.mx\/wordpress\/2016\/04\/circular-primaria-papas-lectores-de-abril-2016\/\">[&hellip;]<\/a><\/p>\n","protected":false},"author":2,"featured_media":1170,"comment_status":"closed","ping_status":"open","sticky":false,"template":"","format":"standard","meta":[],"categories":[186,16],"tags":[],"_links":{"self":[{"href":"https:\/\/www.lasallechihuahua.edu.mx\/wordpress\/wp-json\/wp\/v2\/posts\/2135"}],"collection":[{"href":"https:\/\/www.lasallechihuahua.edu.mx\/wordpress\/wp-json\/wp\/v2\/posts"}],"about":[{"href":"https:\/\/www.lasallechihuahua.edu.mx\/wordpress\/wp-json\/wp\/v2\/types\/post"}],"author":[{"embeddable":true,"href":"https:\/\/www.lasallechihuahua.edu.mx\/wordpress\/wp-json\/wp\/v2\/users\/2"}],"replies":[{"embeddable":true,"href":"https:\/\/www.lasallechihuahua.edu.mx\/wordpress\/wp-json\/wp\/v2\/comments?post=2135"}],"version-history":[{"count":1,"href":"https:\/\/www.lasallechihuahua.edu.mx\/wordpress\/wp-json\/wp\/v2\/posts\/2135\/revisions"}],"predecessor-version":[{"id":2137,"href":"https:\/\/www.lasallechihuahua.edu.mx\/wordpress\/wp-json\/wp\/v2\/posts\/2135\/revisions\/2137"}],"wp:featuredmedia":[{"embeddable":true,"href":"https:\/\/www.lasallechihuahua.edu.mx\/wordpress\/wp-json\/wp\/v2\/media\/1170"}],"wp:attachment":[{"href":"https:\/\/www.lasallechihuahua.edu.mx\/wordpress\/wp-json\/wp\/v2\/media?parent=2135"}],"wp:term":[{"taxonomy":"category","embeddable":true,"href":"https:\/\/www.lasallechihuahua.edu.mx\/wordpress\/wp-json\/wp\/v2\/categories?post=2135"},{"taxonomy":"post_tag","embeddable":true,"href":"https:\/\/www.lasallechihuahua.edu.mx\/wordpress\/wp-json\/wp\/v2\/tags?post=2135"}],"curies":[{"name":"wp","href":"https:\/\/api.w.org\/{rel}","templated":true}]}}