{"id":2118,"date":"2016-03-08T18:17:42","date_gmt":"2016-03-09T01:17:42","guid":{"rendered":"http:\/\/www.lasallechihuahua.edu.mx\/wordpress\/?p=2118"},"modified":"2016-03-08T18:17:42","modified_gmt":"2016-03-09T01:17:42","slug":"circular-preparatoria-visita-uach-marzo-2016","status":"publish","type":"post","link":"https:\/\/www.lasallechihuahua.edu.mx\/wordpress\/2016\/03\/circular-preparatoria-visita-uach-marzo-2016\/","title":{"rendered":"Circular Preparatoria: Visita UACH Marzo 2016"},"content":{"rendered":"<p>Estimados Padres de Familia:<\/p>\n<p style=\"text-align: justify;\">Despu\u00e9s de saludarlos afectuosamente, les informamos, que los alumnos del Grupo de 6\u00b0B, quienes\u00a0llevan en su formaci\u00f3n acad\u00e9mica la materia de Temas Selectos de Salud, impartida por el Dr. Jos\u00e9\u00a0Manuel S\u00e1nchez Pacheco, tienen una visita programada a la Facultad de Medicina de la UACH.<\/p>\n<p style=\"text-align: justify;\">La visita se llevar\u00e1 a cabo mi\u00e9rcoles 9 de marzo, en horario de 8:30 a 13:30 hrs., acompa\u00f1\u00e1ndolos el Dr., como titular de su Grupo.<\/p>\n<p style=\"text-align: justify;\">Agradecemos de antemano su apoyo para que su hijo (a) asista a este evento, que ser\u00e1 de gran ayuda para definir la toma de decisi\u00f3n de la carrera que su hijo (a) elija, quedamos de ustedes a sus ordenes.<\/p>\n<p>A T E N T A M E N T E<\/p>\n<p>Hno. Eduardo Garza Amador.\u00a0Coordinador de Preparatoria<\/p>\n<p>__________________________________________________________________<br \/>\n<strong>FAVOR DE FIRMAR DE ENTERADOS EN LA AGENDA QUE ES\u00a0EL REQUISITO PARA SALIR DEL COLEGIO.<\/strong><\/p>\n<p>&nbsp;<\/p>\n","protected":false},"excerpt":{"rendered":"<p>Estimados Padres de Familia: Despu\u00e9s de saludarlos afectuosamente, les informamos, que los alumnos del Grupo de 6\u00b0B, quienes\u00a0llevan en su formaci\u00f3n acad\u00e9mica la materia de Temas Selectos de Salud, impartida por el Dr. Jos\u00e9\u00a0Manuel S\u00e1nchez Pacheco, tienen una visita programada a la Facultad de Medicina de la UACH. La visita se llevar\u00e1 a cabo mi\u00e9rcoles 9 de marzo, en horario&nbsp;<a href=\"https:\/\/www.lasallechihuahua.edu.mx\/wordpress\/2016\/03\/circular-preparatoria-visita-uach-marzo-2016\/\">[&hellip;]<\/a><\/p>\n","protected":false},"author":2,"featured_media":1168,"comment_status":"closed","ping_status":"open","sticky":false,"template":"","format":"standard","meta":[],"categories":[186,8],"tags":[],"_links":{"self":[{"href":"https:\/\/www.lasallechihuahua.edu.mx\/wordpress\/wp-json\/wp\/v2\/posts\/2118"}],"collection":[{"href":"https:\/\/www.lasallechihuahua.edu.mx\/wordpress\/wp-json\/wp\/v2\/posts"}],"about":[{"href":"https:\/\/www.lasallechihuahua.edu.mx\/wordpress\/wp-json\/wp\/v2\/types\/post"}],"author":[{"embeddable":true,"href":"https:\/\/www.lasallechihuahua.edu.mx\/wordpress\/wp-json\/wp\/v2\/users\/2"}],"replies":[{"embeddable":true,"href":"https:\/\/www.lasallechihuahua.edu.mx\/wordpress\/wp-json\/wp\/v2\/comments?post=2118"}],"version-history":[{"count":1,"href":"https:\/\/www.lasallechihuahua.edu.mx\/wordpress\/wp-json\/wp\/v2\/posts\/2118\/revisions"}],"predecessor-version":[{"id":2120,"href":"https:\/\/www.lasallechihuahua.edu.mx\/wordpress\/wp-json\/wp\/v2\/posts\/2118\/revisions\/2120"}],"wp:featuredmedia":[{"embeddable":true,"href":"https:\/\/www.lasallechihuahua.edu.mx\/wordpress\/wp-json\/wp\/v2\/media\/1168"}],"wp:attachment":[{"href":"https:\/\/www.lasallechihuahua.edu.mx\/wordpress\/wp-json\/wp\/v2\/media?parent=2118"}],"wp:term":[{"taxonomy":"category","embeddable":true,"href":"https:\/\/www.lasallechihuahua.edu.mx\/wordpress\/wp-json\/wp\/v2\/categories?post=2118"},{"taxonomy":"post_tag","embeddable":true,"href":"https:\/\/www.lasallechihuahua.edu.mx\/wordpress\/wp-json\/wp\/v2\/tags?post=2118"}],"curies":[{"name":"wp","href":"https:\/\/api.w.org\/{rel}","templated":true}]}}