{"id":2089,"date":"2016-03-01T12:04:48","date_gmt":"2016-03-01T19:04:48","guid":{"rendered":"http:\/\/www.lasallechihuahua.edu.mx\/wordpress\/?p=2089"},"modified":"2016-03-01T12:04:48","modified_gmt":"2016-03-01T19:04:48","slug":"circular-primaria-papas-lectores-marzo-2016","status":"publish","type":"post","link":"https:\/\/www.lasallechihuahua.edu.mx\/wordpress\/2016\/03\/circular-primaria-papas-lectores-marzo-2016\/","title":{"rendered":"Circular Primaria: Papas Lectores Marzo 2016"},"content":{"rendered":"<p>Estimados Padres de familia:<\/p>\n<p style=\"text-align: justify;\">Pap\u00e1, mam\u00e1 te recuerdo la cita que tienes conmigo en el Taller de Pap\u00e1s Lectores, para m\u00ed es muy importante\u00a0tu acompa\u00f1amiento. Ven al sal\u00f3n a leer y convive con mis compa\u00f1eros y conmigo. Bienvenidos abuelitos, abuelitas, t\u00edos, t\u00edas.<\/p>\n<p style=\"text-align: justify;\">Te pido tambi\u00e9n asistas al taller de preparaci\u00f3n en el cual elegir\u00e1s un libro, cuento o art\u00edculo informativo y te\u00a0enterar\u00e1s como es la mec\u00e1nica de la lectura en grupos. Te esperamos en la Biblioteca San Miguel Febres\u00a0Cordero, el viernes 4 de marzo a las 8:00 a.m. La lectura en mi grupo ser\u00e1 el jueves 10 de marzo.<\/p>\n<p style=\"text-align: justify;\">\u00a1No faltes para m\u00ed es muy importante tu compa\u00f1\u00eda!<\/p>\n<p>Esperamos a los pap\u00e1s, mam\u00e1s, abuelitos de los alumnos incluidos en la circular anexa. Favor de descargarla haciendo clic <a href=\"https:\/\/www.lasallechihuahua.edu.mx\/wordpress\/wp-content\/uploads\/2016\/03\/PAPA\u0301S-LECTORES-MARZO2016.pdf\" target=\"_blank\">aqui<\/a>.<\/p>\n<p>&nbsp;<\/p>\n","protected":false},"excerpt":{"rendered":"<p>Estimados Padres de familia: Pap\u00e1, mam\u00e1 te recuerdo la cita que tienes conmigo en el Taller de Pap\u00e1s Lectores, para m\u00ed es muy importante\u00a0tu acompa\u00f1amiento. Ven al sal\u00f3n a leer y convive con mis compa\u00f1eros y conmigo. Bienvenidos abuelitos, abuelitas, t\u00edos, t\u00edas. Te pido tambi\u00e9n asistas al taller de preparaci\u00f3n en el cual elegir\u00e1s un libro, cuento o art\u00edculo informativo&nbsp;<a href=\"https:\/\/www.lasallechihuahua.edu.mx\/wordpress\/2016\/03\/circular-primaria-papas-lectores-marzo-2016\/\">[&hellip;]<\/a><\/p>\n","protected":false},"author":2,"featured_media":1170,"comment_status":"closed","ping_status":"open","sticky":false,"template":"","format":"standard","meta":[],"categories":[186,16],"tags":[],"_links":{"self":[{"href":"https:\/\/www.lasallechihuahua.edu.mx\/wordpress\/wp-json\/wp\/v2\/posts\/2089"}],"collection":[{"href":"https:\/\/www.lasallechihuahua.edu.mx\/wordpress\/wp-json\/wp\/v2\/posts"}],"about":[{"href":"https:\/\/www.lasallechihuahua.edu.mx\/wordpress\/wp-json\/wp\/v2\/types\/post"}],"author":[{"embeddable":true,"href":"https:\/\/www.lasallechihuahua.edu.mx\/wordpress\/wp-json\/wp\/v2\/users\/2"}],"replies":[{"embeddable":true,"href":"https:\/\/www.lasallechihuahua.edu.mx\/wordpress\/wp-json\/wp\/v2\/comments?post=2089"}],"version-history":[{"count":1,"href":"https:\/\/www.lasallechihuahua.edu.mx\/wordpress\/wp-json\/wp\/v2\/posts\/2089\/revisions"}],"predecessor-version":[{"id":2091,"href":"https:\/\/www.lasallechihuahua.edu.mx\/wordpress\/wp-json\/wp\/v2\/posts\/2089\/revisions\/2091"}],"wp:featuredmedia":[{"embeddable":true,"href":"https:\/\/www.lasallechihuahua.edu.mx\/wordpress\/wp-json\/wp\/v2\/media\/1170"}],"wp:attachment":[{"href":"https:\/\/www.lasallechihuahua.edu.mx\/wordpress\/wp-json\/wp\/v2\/media?parent=2089"}],"wp:term":[{"taxonomy":"category","embeddable":true,"href":"https:\/\/www.lasallechihuahua.edu.mx\/wordpress\/wp-json\/wp\/v2\/categories?post=2089"},{"taxonomy":"post_tag","embeddable":true,"href":"https:\/\/www.lasallechihuahua.edu.mx\/wordpress\/wp-json\/wp\/v2\/tags?post=2089"}],"curies":[{"name":"wp","href":"https:\/\/api.w.org\/{rel}","templated":true}]}}