{"id":1877,"date":"2015-11-27T15:59:44","date_gmt":"2015-11-27T22:59:44","guid":{"rendered":"http:\/\/www.lasallechihuahua.edu.mx\/wordpress\/?p=1877"},"modified":"2015-11-27T15:59:44","modified_gmt":"2015-11-27T22:59:44","slug":"circular-general-expo-bazar-misionero-diciembre","status":"publish","type":"post","link":"https:\/\/www.lasallechihuahua.edu.mx\/wordpress\/2015\/11\/circular-general-expo-bazar-misionero-diciembre\/","title":{"rendered":"Circular General: Expo Bazar Misionero Diciembre"},"content":{"rendered":"<p style=\"text-align: left;\">Apreciados Padres de Familia:<\/p>\n<p style=\"text-align: justify;\">Nos complace invitarlos nuevamente a participar en nuestro 3er Expo Bazar Misionero,\u00a0que se llevar\u00e1 a cabo el d\u00eda jueves 10 de diciembre, en un horario al p\u00fablico de 12:00 a\u00a020:00 hrs. Para m\u00e1s informes favor de comunicarse al departamento de Pastoral.<\/p>\n<p style=\"text-align: left;\">A continuaci\u00f3n se detallan las bases.<\/p>\n<ol>\n<li style=\"text-align: justify;\">Les ofrecemos un espacio de acuerdo al tama\u00f1o de la mesa mediana, con medidas de 1.80 mts de largo por .75mts de ancho (cada quien deber\u00e1 llevar su mesa).<\/li>\n<li style=\"text-align: justify;\">A cambio del espacio que estamos ofreciendo la familia donar\u00e1 material en especie,\u00a0que nuestros misioneros utilizar\u00e1n en su trabajo. En el mes de diciembre la\u00a0cooperaci\u00f3n ser\u00e1 de cinco paquetitos de l\u00e1pices mirado No. 2. (Cada paquetito trae\u00a010 l\u00e1pices).<\/li>\n<\/ol>\n<p style=\"text-align: justify;\">Si desea participar favor de presentarse en el Departamento de Pastoral del lunes 30 de\u00a0noviembre al viernes 04 de diciembre, en horario escolar. Al traer su donativo se le\u00a0asignar\u00e1 su mesa.<\/p>\n<p style=\"text-align: justify;\">Atentamente<\/p>\n<p style=\"text-align: justify;\">Hno. Rodrigo Sandoval Candete.\u00a0Director General<\/p>\n","protected":false},"excerpt":{"rendered":"<p>Apreciados Padres de Familia: Nos complace invitarlos nuevamente a participar en nuestro 3er Expo Bazar Misionero,\u00a0que se llevar\u00e1 a cabo el d\u00eda jueves 10 de diciembre, en un horario al p\u00fablico de 12:00 a\u00a020:00 hrs. Para m\u00e1s informes favor de comunicarse al departamento de Pastoral. A continuaci\u00f3n se detallan las bases. Les ofrecemos un espacio de acuerdo al tama\u00f1o de&nbsp;<a href=\"https:\/\/www.lasallechihuahua.edu.mx\/wordpress\/2015\/11\/circular-general-expo-bazar-misionero-diciembre\/\">[&hellip;]<\/a><\/p>\n","protected":false},"author":2,"featured_media":1167,"comment_status":"closed","ping_status":"open","sticky":false,"template":"","format":"standard","meta":[],"categories":[186,52,23,8,16,13],"tags":[],"_links":{"self":[{"href":"https:\/\/www.lasallechihuahua.edu.mx\/wordpress\/wp-json\/wp\/v2\/posts\/1877"}],"collection":[{"href":"https:\/\/www.lasallechihuahua.edu.mx\/wordpress\/wp-json\/wp\/v2\/posts"}],"about":[{"href":"https:\/\/www.lasallechihuahua.edu.mx\/wordpress\/wp-json\/wp\/v2\/types\/post"}],"author":[{"embeddable":true,"href":"https:\/\/www.lasallechihuahua.edu.mx\/wordpress\/wp-json\/wp\/v2\/users\/2"}],"replies":[{"embeddable":true,"href":"https:\/\/www.lasallechihuahua.edu.mx\/wordpress\/wp-json\/wp\/v2\/comments?post=1877"}],"version-history":[{"count":1,"href":"https:\/\/www.lasallechihuahua.edu.mx\/wordpress\/wp-json\/wp\/v2\/posts\/1877\/revisions"}],"predecessor-version":[{"id":1879,"href":"https:\/\/www.lasallechihuahua.edu.mx\/wordpress\/wp-json\/wp\/v2\/posts\/1877\/revisions\/1879"}],"wp:featuredmedia":[{"embeddable":true,"href":"https:\/\/www.lasallechihuahua.edu.mx\/wordpress\/wp-json\/wp\/v2\/media\/1167"}],"wp:attachment":[{"href":"https:\/\/www.lasallechihuahua.edu.mx\/wordpress\/wp-json\/wp\/v2\/media?parent=1877"}],"wp:term":[{"taxonomy":"category","embeddable":true,"href":"https:\/\/www.lasallechihuahua.edu.mx\/wordpress\/wp-json\/wp\/v2\/categories?post=1877"},{"taxonomy":"post_tag","embeddable":true,"href":"https:\/\/www.lasallechihuahua.edu.mx\/wordpress\/wp-json\/wp\/v2\/tags?post=1877"}],"curies":[{"name":"wp","href":"https:\/\/api.w.org\/{rel}","templated":true}]}}