{"id":1847,"date":"2015-11-09T14:00:11","date_gmt":"2015-11-09T21:00:11","guid":{"rendered":"http:\/\/www.lasallechihuahua.edu.mx\/wordpress\/?p=1847"},"modified":"2015-11-13T14:02:29","modified_gmt":"2015-11-13T21:02:29","slug":"circular-preescolar-taller-de-lenguaje","status":"publish","type":"post","link":"https:\/\/www.lasallechihuahua.edu.mx\/wordpress\/2015\/11\/circular-preescolar-taller-de-lenguaje\/","title":{"rendered":"Circular Preescolar: Taller de Lenguaje"},"content":{"rendered":"<p style=\"text-align: right;\">Preescolar 006<br \/>\nTaller de Lenguaje<\/p>\n<p style=\"text-align: justify;\">Estimados Padres de Familia:<\/p>\n<p style=\"text-align: justify;\">En espera que sea un buen inicio de semana y de mes para todos ustedes, les hacemos llegar con todo gusto una invitaci\u00f3n a un Curso &#8211; Taller de Lenguaje. Ofreciendo un espacio para ustedes Padres de Familia en el cual puedan\u00a0conocer acerca de la importancia sobre la estimulaci\u00f3n del lenguaje en etapa preescolar, y as\u00ed ayudar a nuestros\u00a0peque\u00f1os en su desarrollo.<\/p>\n<p style=\"text-align: justify;\">Este Curso-Taller ser\u00e1 impartido por la Terapeuta de Lenguaje Lic. Ivet S\u00e1nchez quien es educadora de nuestra\u00a0Instituci\u00f3n y quien con su amplia experiencia nos orientar\u00e1 acerca del tema. La Invitaci\u00f3n es abierta a todos ustedes\u00a0Padres de Familia no solamente si su hijo presenta una dificultad en su lenguaje, sino tambi\u00e9n nos auxilia a tener\u00a0herramientas para favorecer la formaci\u00f3n integral de nuestros alumnos.<\/p>\n<ul>\n<li style=\"text-align: justify;\">Lugar: Sala de Videoconferencia Hno. Alfonso Rodr\u00edguez (ubicada antes de llegar puerta el\u00e9ctrica de preescolar)<\/li>\n<li style=\"text-align: justify;\">Fecha: Viernes 13 de Noviembre;<\/li>\n<li style=\"text-align: justify;\">Hora: 8:00 a.m. ;<\/li>\n<li style=\"text-align: justify;\">Tiempo aprox. de duraci\u00f3n: hora y media<\/li>\n<\/ul>\n<p style=\"text-align: justify;\">El lenguaje es una caracter\u00edstica propia del ser humano y es a trav\u00e9s de \u00e9ste como las personas expresan sus sentimientos,\u00a0emociones e ideas. El desarrollo del lenguaje requiere de procesos de madurez neurol\u00f3gica, fisiol\u00f3gica y perceptiva, sin\u00a0embargo el entorno inmediato que rodea al individuo ser\u00e1 el detonante de dicha habilidad.<\/p>\n<p style=\"text-align: justify;\">Un ni\u00f1o que crece en un ambiente estimulante y con v\u00ednculos socio-afectivos s\u00f3lidos, tendr\u00e1 mayores posibilidades de\u00a0desarrollar habilidades ling\u00fc\u00edsticas y comunicativas apropiadas. La familia y la escuela, entonces, son agentes\u00a0socializadores determinantes para la estimulaci\u00f3n y fortalecimiento del lenguaje de nuestros ni\u00f1os.<\/p>\n<p style=\"text-align: justify;\">Les agradecemos confirmar su asistencia por medio de la agenda de su hijo(a). Y esperamos poder saludarlos de\u00a0manera personal ese d\u00eda.<\/p>\n<p style=\"text-align: justify;\">Quedamos a sus \u00f3rdenes cualquier duda o comentario\u00a0Tel 4 32 39 00 ext 201 preescolar@lasallechihuahua.edu.mx<\/p>\n<p style=\"text-align: justify;\">Atentamente<br \/>\nLic. Dulce Griselda Baca.\u00a0Coordinadora de Preescolar<\/p>\n","protected":false},"excerpt":{"rendered":"<p>Preescolar 006 Taller de Lenguaje Estimados Padres de Familia: En espera que sea un buen inicio de semana y de mes para todos ustedes, les hacemos llegar con todo gusto una invitaci\u00f3n a un Curso &#8211; Taller de Lenguaje. Ofreciendo un espacio para ustedes Padres de Familia en el cual puedan\u00a0conocer acerca de la importancia sobre la estimulaci\u00f3n del lenguaje&nbsp;<a href=\"https:\/\/www.lasallechihuahua.edu.mx\/wordpress\/2015\/11\/circular-preescolar-taller-de-lenguaje\/\">[&hellip;]<\/a><\/p>\n","protected":false},"author":2,"featured_media":1169,"comment_status":"closed","ping_status":"open","sticky":false,"template":"","format":"standard","meta":[],"categories":[186,23],"tags":[],"_links":{"self":[{"href":"https:\/\/www.lasallechihuahua.edu.mx\/wordpress\/wp-json\/wp\/v2\/posts\/1847"}],"collection":[{"href":"https:\/\/www.lasallechihuahua.edu.mx\/wordpress\/wp-json\/wp\/v2\/posts"}],"about":[{"href":"https:\/\/www.lasallechihuahua.edu.mx\/wordpress\/wp-json\/wp\/v2\/types\/post"}],"author":[{"embeddable":true,"href":"https:\/\/www.lasallechihuahua.edu.mx\/wordpress\/wp-json\/wp\/v2\/users\/2"}],"replies":[{"embeddable":true,"href":"https:\/\/www.lasallechihuahua.edu.mx\/wordpress\/wp-json\/wp\/v2\/comments?post=1847"}],"version-history":[{"count":1,"href":"https:\/\/www.lasallechihuahua.edu.mx\/wordpress\/wp-json\/wp\/v2\/posts\/1847\/revisions"}],"predecessor-version":[{"id":1849,"href":"https:\/\/www.lasallechihuahua.edu.mx\/wordpress\/wp-json\/wp\/v2\/posts\/1847\/revisions\/1849"}],"wp:featuredmedia":[{"embeddable":true,"href":"https:\/\/www.lasallechihuahua.edu.mx\/wordpress\/wp-json\/wp\/v2\/media\/1169"}],"wp:attachment":[{"href":"https:\/\/www.lasallechihuahua.edu.mx\/wordpress\/wp-json\/wp\/v2\/media?parent=1847"}],"wp:term":[{"taxonomy":"category","embeddable":true,"href":"https:\/\/www.lasallechihuahua.edu.mx\/wordpress\/wp-json\/wp\/v2\/categories?post=1847"},{"taxonomy":"post_tag","embeddable":true,"href":"https:\/\/www.lasallechihuahua.edu.mx\/wordpress\/wp-json\/wp\/v2\/tags?post=1847"}],"curies":[{"name":"wp","href":"https:\/\/api.w.org\/{rel}","templated":true}]}}