{"id":1726,"date":"2015-09-30T09:17:44","date_gmt":"2015-09-30T15:17:44","guid":{"rendered":"http:\/\/www.lasallechihuahua.edu.mx\/wordpress\/?p=1726"},"modified":"2015-09-30T09:18:48","modified_gmt":"2015-09-30T15:18:48","slug":"circular-primaria-papas-lectores-octubre","status":"publish","type":"post","link":"https:\/\/www.lasallechihuahua.edu.mx\/wordpress\/2015\/09\/circular-primaria-papas-lectores-octubre\/","title":{"rendered":"Circular Primaria: Pap\u00e1s Lectores OCTUBRE"},"content":{"rendered":"<p style=\"text-align: right;\">Taller de Pap\u00e1s lectores<br \/>\nPrimaria 2015-2016<\/p>\n<p style=\"text-align: justify;\">Estimados Padres de familia:<\/p>\n<p style=\"text-align: justify;\">Envi\u00e1ndoles un cordial saludo e informarles que daremos inicio el Taller de Pap\u00e1s Lectores de este curso escolar,\u00a0esperamos contar con su valioso apoyo para la lectura en el grupo de su (s) hijo (a). Para ellos es muy importante su\u00a0acompa\u00f1amiento en esta actividad, ya que juntos vivir\u00e1n gratas experiencias que ayudar\u00e1 a despertar su imaginaci\u00f3n\u00a0y tambi\u00e9n a mejorar su vocabulario y ortograf\u00eda, y convivir con los compa\u00f1eros del grupo. Bienvenidos abuelitos,\u00a0abuelitas, t\u00edos, t\u00edas.<\/p>\n<p style=\"text-align: justify;\">Te pido tambi\u00e9n asistas al taller de preparaci\u00f3n en el cual elegir\u00e1s un libro, cuento o art\u00edculo informativo y te\u00a0enterar\u00e1s como es la mec\u00e1nica de la lectura en grupos. Te esperamos en la Biblioteca San Miguel Febres Cordero, el\u00a0viernes 2 de octubre a las 8:00 a.m. La lectura en mi grupo ser\u00e1 el jueves 8 de octubre.<\/p>\n<p style=\"text-align: center;\">\u00a1No faltes para m\u00ed es muy importante tu compa\u00f1\u00eda!<\/p>\n<p style=\"text-align: justify;\">Esperamos a los pap\u00e1s, mam\u00e1s, abuelitos de los alumnos incluidos en la circular anexa. Descargar la circular dando clic <a href=\"https:\/\/www.lasallechihuahua.edu.mx\/wordpress\/wp-content\/uploads\/2015\/09\/OCTUBRES-2015-PAP\u00c1S-LECTORES.pdf\" target=\"_blank\">aqu\u00ed<\/a>.<\/p>\n<p style=\"text-align: justify;\">Atentamente<\/p>\n<p style=\"text-align: justify;\">Lic. Mar\u00eda Rita Oguchi Calder\u00f3n. Responsable del Programa Lector<\/p>\n","protected":false},"excerpt":{"rendered":"<p>Taller de Pap\u00e1s lectores Primaria 2015-2016 Estimados Padres de familia: Envi\u00e1ndoles un cordial saludo e informarles que daremos inicio el Taller de Pap\u00e1s Lectores de este curso escolar,\u00a0esperamos contar con su valioso apoyo para la lectura en el grupo de su (s) hijo (a). Para ellos es muy importante su\u00a0acompa\u00f1amiento en esta actividad, ya que juntos vivir\u00e1n gratas experiencias que&nbsp;<a href=\"https:\/\/www.lasallechihuahua.edu.mx\/wordpress\/2015\/09\/circular-primaria-papas-lectores-octubre\/\">[&hellip;]<\/a><\/p>\n","protected":false},"author":2,"featured_media":1170,"comment_status":"closed","ping_status":"open","sticky":false,"template":"","format":"standard","meta":[],"categories":[186,16],"tags":[],"_links":{"self":[{"href":"https:\/\/www.lasallechihuahua.edu.mx\/wordpress\/wp-json\/wp\/v2\/posts\/1726"}],"collection":[{"href":"https:\/\/www.lasallechihuahua.edu.mx\/wordpress\/wp-json\/wp\/v2\/posts"}],"about":[{"href":"https:\/\/www.lasallechihuahua.edu.mx\/wordpress\/wp-json\/wp\/v2\/types\/post"}],"author":[{"embeddable":true,"href":"https:\/\/www.lasallechihuahua.edu.mx\/wordpress\/wp-json\/wp\/v2\/users\/2"}],"replies":[{"embeddable":true,"href":"https:\/\/www.lasallechihuahua.edu.mx\/wordpress\/wp-json\/wp\/v2\/comments?post=1726"}],"version-history":[{"count":2,"href":"https:\/\/www.lasallechihuahua.edu.mx\/wordpress\/wp-json\/wp\/v2\/posts\/1726\/revisions"}],"predecessor-version":[{"id":1729,"href":"https:\/\/www.lasallechihuahua.edu.mx\/wordpress\/wp-json\/wp\/v2\/posts\/1726\/revisions\/1729"}],"wp:featuredmedia":[{"embeddable":true,"href":"https:\/\/www.lasallechihuahua.edu.mx\/wordpress\/wp-json\/wp\/v2\/media\/1170"}],"wp:attachment":[{"href":"https:\/\/www.lasallechihuahua.edu.mx\/wordpress\/wp-json\/wp\/v2\/media?parent=1726"}],"wp:term":[{"taxonomy":"category","embeddable":true,"href":"https:\/\/www.lasallechihuahua.edu.mx\/wordpress\/wp-json\/wp\/v2\/categories?post=1726"},{"taxonomy":"post_tag","embeddable":true,"href":"https:\/\/www.lasallechihuahua.edu.mx\/wordpress\/wp-json\/wp\/v2\/tags?post=1726"}],"curies":[{"name":"wp","href":"https:\/\/api.w.org\/{rel}","templated":true}]}}