{"id":1700,"date":"2015-09-15T14:56:28","date_gmt":"2015-09-15T20:56:28","guid":{"rendered":"http:\/\/www.lasallechihuahua.edu.mx\/wordpress\/?p=1700"},"modified":"2015-09-21T15:03:52","modified_gmt":"2015-09-21T21:03:52","slug":"aviso-asamblea-padres-de-familia-2015","status":"publish","type":"post","link":"https:\/\/www.lasallechihuahua.edu.mx\/wordpress\/2015\/09\/aviso-asamblea-padres-de-familia-2015\/","title":{"rendered":"Aviso:  Asamblea Padres de Familia 2015"},"content":{"rendered":"<p style=\"text-align: right;\">15 de Septiembre de 2015<\/p>\n<p style=\"text-align: justify;\">Apreciados Padres de Familia:<\/p>\n<p style=\"text-align: justify;\">Reciban en familia un saludo y deseos de paz y bienestar que deber reinar en todo hogar, al mismo tiempo\u00a0agradecemos la confianza depositada en esta instituci\u00f3n para dar continuidad a la formaci\u00f3n y educaci\u00f3n de\u00a0sus hijos.<\/p>\n<p style=\"text-align: justify;\">El pr\u00f3ximo lunes llevaremos a cabo nuestra asamblea anual, la cual se dividir\u00e1 en dos partes: la informativa\u00a0para dar a conocer algunos proyectos; la segunda es la entrega de calificaciones de los alumnos de secundaria\u00a0y preparatoria.<\/p>\n<p style=\"text-align: justify;\">El evento lo llevaremos a cabo el pr\u00f3ximo lunes 21; iniciaremos a las 20:00 horas y se llevar\u00e1 a cabo en el<br \/>\nGimnasio San Juan Bautista De la Salle.<\/p>\n<p style=\"text-align: justify;\">Esperando vernos favorecidos con su presencia, nos despedimos esperando saludarlos personalmente.<\/p>\n<p style=\"text-align: justify;\">Atentamente<\/p>\n<p style=\"text-align: justify;\">MCE Rodrigo Sandoval Candete<br \/>\nDirector General<\/p>\n<p style=\"text-align: center;\"><em><strong><span style=\"text-decoration: underline;\">FAVOR DE DESCARGAR LA CIRCULAR ANEXA HACIENDO CLICK <a href=\"https:\/\/www.lasallechihuahua.edu.mx\/wordpress\/wp-content\/uploads\/2015\/09\/ASAMBLEA-PADRES-DE-FAMILIA-2015.pdf\" target=\"_blank\">AQUI<\/a>, Y DE ENTREGAR EL TALON DE DICHA CIRCULAR AL FINALIZAR EL EVENTO<\/span><\/strong><\/em><\/p>\n","protected":false},"excerpt":{"rendered":"<p>15 de Septiembre de 2015 Apreciados Padres de Familia: Reciban en familia un saludo y deseos de paz y bienestar que deber reinar en todo hogar, al mismo tiempo\u00a0agradecemos la confianza depositada en esta instituci\u00f3n para dar continuidad a la formaci\u00f3n y educaci\u00f3n de\u00a0sus hijos. El pr\u00f3ximo lunes llevaremos a cabo nuestra asamblea anual, la cual se dividir\u00e1 en dos&nbsp;<a href=\"https:\/\/www.lasallechihuahua.edu.mx\/wordpress\/2015\/09\/aviso-asamblea-padres-de-familia-2015\/\">[&hellip;]<\/a><\/p>\n","protected":false},"author":2,"featured_media":1167,"comment_status":"closed","ping_status":"open","sticky":false,"template":"","format":"standard","meta":[],"categories":[186,49,3],"tags":[],"_links":{"self":[{"href":"https:\/\/www.lasallechihuahua.edu.mx\/wordpress\/wp-json\/wp\/v2\/posts\/1700"}],"collection":[{"href":"https:\/\/www.lasallechihuahua.edu.mx\/wordpress\/wp-json\/wp\/v2\/posts"}],"about":[{"href":"https:\/\/www.lasallechihuahua.edu.mx\/wordpress\/wp-json\/wp\/v2\/types\/post"}],"author":[{"embeddable":true,"href":"https:\/\/www.lasallechihuahua.edu.mx\/wordpress\/wp-json\/wp\/v2\/users\/2"}],"replies":[{"embeddable":true,"href":"https:\/\/www.lasallechihuahua.edu.mx\/wordpress\/wp-json\/wp\/v2\/comments?post=1700"}],"version-history":[{"count":1,"href":"https:\/\/www.lasallechihuahua.edu.mx\/wordpress\/wp-json\/wp\/v2\/posts\/1700\/revisions"}],"predecessor-version":[{"id":1704,"href":"https:\/\/www.lasallechihuahua.edu.mx\/wordpress\/wp-json\/wp\/v2\/posts\/1700\/revisions\/1704"}],"wp:featuredmedia":[{"embeddable":true,"href":"https:\/\/www.lasallechihuahua.edu.mx\/wordpress\/wp-json\/wp\/v2\/media\/1167"}],"wp:attachment":[{"href":"https:\/\/www.lasallechihuahua.edu.mx\/wordpress\/wp-json\/wp\/v2\/media?parent=1700"}],"wp:term":[{"taxonomy":"category","embeddable":true,"href":"https:\/\/www.lasallechihuahua.edu.mx\/wordpress\/wp-json\/wp\/v2\/categories?post=1700"},{"taxonomy":"post_tag","embeddable":true,"href":"https:\/\/www.lasallechihuahua.edu.mx\/wordpress\/wp-json\/wp\/v2\/tags?post=1700"}],"curies":[{"name":"wp","href":"https:\/\/api.w.org\/{rel}","templated":true}]}}