{"id":1697,"date":"2015-09-14T10:44:28","date_gmt":"2015-09-14T16:44:28","guid":{"rendered":"http:\/\/www.lasallechihuahua.edu.mx\/wordpress\/?p=1697"},"modified":"2015-09-14T10:44:28","modified_gmt":"2015-09-14T16:44:28","slug":"circular-primaria-reunion-padres-de-familia-en-salon-de-clases","status":"publish","type":"post","link":"https:\/\/www.lasallechihuahua.edu.mx\/wordpress\/2015\/09\/circular-primaria-reunion-padres-de-familia-en-salon-de-clases\/","title":{"rendered":"Circular Primaria: Reuni\u00f3n Padres de Familia en Sal\u00f3n de Clases"},"content":{"rendered":"<p style=\"text-align: right;\">Ciclo Escolar 2015 \u2013 2016<br \/>\nTERCERA CIRCULAR DE PRIMARIA DEL MES DE SEPTIEMBRE<br \/>\nSecci\u00f3n Primaria<br \/>\n14 de septiembre de 2015<\/p>\n<p style=\"text-align: justify;\">\nEstimados Padres de Familia:<\/p>\n<p style=\"text-align: justify;\">Con el gusto de siempre los saludamos en este inicio del Ciclo Escolar 2015 \u2013 2016 que est\u00e1\u00a0transcurriendo con mucho entusiasmo y nuevos proyectos.\u00a0Aprovechamos este conducto para recordarles lo calendarizado en la agenda escolar, convocarlos a\u00a0una reuni\u00f3n directamente en el sal\u00f3n de clases de su hijo(a) el d\u00eda 17 de septiembre, iniciaremos a las 20:00 hrs. Y finalizaremos a las 21:00, todo lo planeado se realizar\u00e1 en \u00e9se mismo lugar.<\/p>\n<p style=\"text-align: justify;\">Los puntos a tratar ser\u00e1n los siguientes:<\/p>\n<ol>\n<li>Entrega de Boleta de calificaciones y explicaci\u00f3n de los resultados<\/li>\n<li>Explicaci\u00f3n de la forma de evaluar cada per\u00edodo y bloque.<\/li>\n<li>Presentaci\u00f3n del Plan de trabajo en el Trayecto formativo de su hijo(a), en general.<\/li>\n<li>Plan de trabajo de Ingl\u00e9s.<\/li>\n<li>Sugerencias de apoyo en casa.<\/li>\n<li>Explicaci\u00f3n de asuntos propios del grado de su hijo(a)<\/li>\n<li>Presentaci\u00f3n de las Coordinadoras de la Sociedad de Padres de cada grado.<\/li>\n<li>Asuntos varios de organizaci\u00f3n escolar.<\/li>\n<\/ol>\n<p>Agradecemos de antemano el respeto al uso del estacionamiento para el bienestar de todos los\u00a0asistentes al ubicar su veh\u00edculo en las \u00e1reas que no obstruyan la circulaci\u00f3n y en posici\u00f3n de reversa.<\/p>\n<p>Esperamos contar con su asistencia puntual en esta junta, ya que es una oportunidad invaluable para la\u00a0formaci\u00f3n integral de sus hijos.<\/p>\n<p>Atentamente<\/p>\n<p style=\"text-align: justify;\">Lic. Gila Elizabeth Cornejo Leyva.\u00a0Coordinadora de Primaria.<\/p>\n<p style=\"text-align: center;\">\n<strong><em><span style=\"text-decoration: underline;\">FAVOR DE FIRMAR DE ENTERADOS EN LA AGENDA, EN EL APARTADO DE AVISOS Y CIRCULARES<\/span><\/em><\/strong><\/p>\n","protected":false},"excerpt":{"rendered":"<p>Ciclo Escolar 2015 \u2013 2016 TERCERA CIRCULAR DE PRIMARIA DEL MES DE SEPTIEMBRE Secci\u00f3n Primaria 14 de septiembre de 2015 Estimados Padres de Familia: Con el gusto de siempre los saludamos en este inicio del Ciclo Escolar 2015 \u2013 2016 que est\u00e1\u00a0transcurriendo con mucho entusiasmo y nuevos proyectos.\u00a0Aprovechamos este conducto para recordarles lo calendarizado en la agenda escolar, convocarlos a\u00a0una&nbsp;<a href=\"https:\/\/www.lasallechihuahua.edu.mx\/wordpress\/2015\/09\/circular-primaria-reunion-padres-de-familia-en-salon-de-clases\/\">[&hellip;]<\/a><\/p>\n","protected":false},"author":2,"featured_media":1170,"comment_status":"closed","ping_status":"open","sticky":false,"template":"","format":"standard","meta":[],"categories":[186,16],"tags":[],"_links":{"self":[{"href":"https:\/\/www.lasallechihuahua.edu.mx\/wordpress\/wp-json\/wp\/v2\/posts\/1697"}],"collection":[{"href":"https:\/\/www.lasallechihuahua.edu.mx\/wordpress\/wp-json\/wp\/v2\/posts"}],"about":[{"href":"https:\/\/www.lasallechihuahua.edu.mx\/wordpress\/wp-json\/wp\/v2\/types\/post"}],"author":[{"embeddable":true,"href":"https:\/\/www.lasallechihuahua.edu.mx\/wordpress\/wp-json\/wp\/v2\/users\/2"}],"replies":[{"embeddable":true,"href":"https:\/\/www.lasallechihuahua.edu.mx\/wordpress\/wp-json\/wp\/v2\/comments?post=1697"}],"version-history":[{"count":1,"href":"https:\/\/www.lasallechihuahua.edu.mx\/wordpress\/wp-json\/wp\/v2\/posts\/1697\/revisions"}],"predecessor-version":[{"id":1699,"href":"https:\/\/www.lasallechihuahua.edu.mx\/wordpress\/wp-json\/wp\/v2\/posts\/1697\/revisions\/1699"}],"wp:featuredmedia":[{"embeddable":true,"href":"https:\/\/www.lasallechihuahua.edu.mx\/wordpress\/wp-json\/wp\/v2\/media\/1170"}],"wp:attachment":[{"href":"https:\/\/www.lasallechihuahua.edu.mx\/wordpress\/wp-json\/wp\/v2\/media?parent=1697"}],"wp:term":[{"taxonomy":"category","embeddable":true,"href":"https:\/\/www.lasallechihuahua.edu.mx\/wordpress\/wp-json\/wp\/v2\/categories?post=1697"},{"taxonomy":"post_tag","embeddable":true,"href":"https:\/\/www.lasallechihuahua.edu.mx\/wordpress\/wp-json\/wp\/v2\/tags?post=1697"}],"curies":[{"name":"wp","href":"https:\/\/api.w.org\/{rel}","templated":true}]}}