{"id":1681,"date":"2015-09-07T10:12:24","date_gmt":"2015-09-07T16:12:24","guid":{"rendered":"http:\/\/www.lasallechihuahua.edu.mx\/wordpress\/?p=1681"},"modified":"2015-09-07T11:25:48","modified_gmt":"2015-09-07T17:25:48","slug":"circular-primaria-horarios-para-entrevistas-con-profesores","status":"publish","type":"post","link":"https:\/\/www.lasallechihuahua.edu.mx\/wordpress\/2015\/09\/circular-primaria-horarios-para-entrevistas-con-profesores\/","title":{"rendered":"Circular Primaria: Horarios para Entrevistas con Profesores"},"content":{"rendered":"<p style=\"text-align: right;\">Ciclo Escolar 2015 \u2013 2016<br \/>\nSEGUNDA CIRCULAR DE PRIMARIA DEL MES DE SEPTIEMBRE<br \/>\nSecci\u00f3n Primaria<br \/>\n7 de septiembre de 2015<\/p>\n<p style=\"text-align: justify;\">Estimados Padres de Familia:<\/p>\n<p style=\"text-align: justify;\">Nos permitimos saludarlos con el gusto de siempre y enterarlos de los horarios de entrevistas que ustedes pueden\u00a0realizar con el profesor (a) de su hijo(a) en caso requerido, pidi\u00e9ndoles de la manera m\u00e1s atenta no interrumpir la\u00a0clase fuera de este horario y hacer la cita en la Coordinaci\u00f3n al tel\u00e9fono 4 32-39-00 Extensi\u00f3n 212, muchas gracias.<\/p>\n<p style=\"text-align: justify;\">Para los horarios los invitamos a descargar la circular anexa haciendo clic <a href=\"https:\/\/www.lasallechihuahua.edu.mx\/wordpress\/wp-content\/uploads\/2015\/09\/PRIMARIA-ENTREVISTAS.pdf\" target=\"_blank\">aqu\u00ed<\/a>.<\/p>\n","protected":false},"excerpt":{"rendered":"<p>Ciclo Escolar 2015 \u2013 2016 SEGUNDA CIRCULAR DE PRIMARIA DEL MES DE SEPTIEMBRE Secci\u00f3n Primaria 7 de septiembre de 2015 Estimados Padres de Familia: Nos permitimos saludarlos con el gusto de siempre y enterarlos de los horarios de entrevistas que ustedes pueden\u00a0realizar con el profesor (a) de su hijo(a) en caso requerido, pidi\u00e9ndoles de la manera m\u00e1s atenta no interrumpir&nbsp;<a href=\"https:\/\/www.lasallechihuahua.edu.mx\/wordpress\/2015\/09\/circular-primaria-horarios-para-entrevistas-con-profesores\/\">[&hellip;]<\/a><\/p>\n","protected":false},"author":2,"featured_media":1171,"comment_status":"closed","ping_status":"open","sticky":false,"template":"","format":"standard","meta":[],"categories":[186,3,13],"tags":[],"_links":{"self":[{"href":"https:\/\/www.lasallechihuahua.edu.mx\/wordpress\/wp-json\/wp\/v2\/posts\/1681"}],"collection":[{"href":"https:\/\/www.lasallechihuahua.edu.mx\/wordpress\/wp-json\/wp\/v2\/posts"}],"about":[{"href":"https:\/\/www.lasallechihuahua.edu.mx\/wordpress\/wp-json\/wp\/v2\/types\/post"}],"author":[{"embeddable":true,"href":"https:\/\/www.lasallechihuahua.edu.mx\/wordpress\/wp-json\/wp\/v2\/users\/2"}],"replies":[{"embeddable":true,"href":"https:\/\/www.lasallechihuahua.edu.mx\/wordpress\/wp-json\/wp\/v2\/comments?post=1681"}],"version-history":[{"count":3,"href":"https:\/\/www.lasallechihuahua.edu.mx\/wordpress\/wp-json\/wp\/v2\/posts\/1681\/revisions"}],"predecessor-version":[{"id":1687,"href":"https:\/\/www.lasallechihuahua.edu.mx\/wordpress\/wp-json\/wp\/v2\/posts\/1681\/revisions\/1687"}],"wp:featuredmedia":[{"embeddable":true,"href":"https:\/\/www.lasallechihuahua.edu.mx\/wordpress\/wp-json\/wp\/v2\/media\/1171"}],"wp:attachment":[{"href":"https:\/\/www.lasallechihuahua.edu.mx\/wordpress\/wp-json\/wp\/v2\/media?parent=1681"}],"wp:term":[{"taxonomy":"category","embeddable":true,"href":"https:\/\/www.lasallechihuahua.edu.mx\/wordpress\/wp-json\/wp\/v2\/categories?post=1681"},{"taxonomy":"post_tag","embeddable":true,"href":"https:\/\/www.lasallechihuahua.edu.mx\/wordpress\/wp-json\/wp\/v2\/tags?post=1681"}],"curies":[{"name":"wp","href":"https:\/\/api.w.org\/{rel}","templated":true}]}}