{"id":1639,"date":"2015-09-01T11:08:57","date_gmt":"2015-09-01T17:08:57","guid":{"rendered":"http:\/\/www.lasallechihuahua.edu.mx\/wordpress\/?p=1639"},"modified":"2015-09-01T11:08:57","modified_gmt":"2015-09-01T17:08:57","slug":"circular-secundaria-reunion-de-padres-de-familia","status":"publish","type":"post","link":"https:\/\/www.lasallechihuahua.edu.mx\/wordpress\/2015\/09\/circular-secundaria-reunion-de-padres-de-familia\/","title":{"rendered":"Circular Secundaria: Reuni\u00f3n de Padres de Familia"},"content":{"rendered":"<p style=\"text-align: right;\">2015-016\/Secundaria\/002<br \/>\n2 de septiembre, 2015<br \/>\n1\u00aa CIRCULAR DE SECCI\u00d3N DEL MES DE SEPTIEMBRE<\/p>\n<p style=\"text-align: justify;\">\nEstimados Padres de Familia:<\/p>\n<p style=\"text-align: justify;\">Reciban con la presente un atento saludo y la m\u00e1s cordial bienvenida al Ciclo Escolar 2015-2016, un\u00a0a\u00f1o que comienza y que juntos padres de familia, alumnos y maestros, nos esforzaremos cada cual\u00a0desde su propia misi\u00f3n, para dar lo mejor de nosotros mismos y as\u00ed cumplir con la voluntad de Dios,\u00a0que es lograr que nuestros educandos formen sus corazones y su inteligencia para bien de nuestra\u00a0sociedad.<\/p>\n<p style=\"text-align: justify;\">Aprovecho este conducto para convocar a ustedes, Padres de familia de alumnos de Secundaria, a la\u00a0reuni\u00f3n que llevaremos a cabo el d\u00eda 7 de septiembre a las 20:00 hrs. en el sal\u00f3n de su hijo(a).<\/p>\n<p>Los puntos que se tratar\u00e1n ser\u00e1n los siguientes:<\/p>\n<ol>\n<li style=\"text-align: justify;\">Presentaci\u00f3n del Titular de grupo.<\/li>\n<li style=\"text-align: justify;\">Aspectos del Reglamento y cambios para este ciclo escolar.<\/li>\n<li style=\"text-align: justify;\">Funciones del Departamento de Psicopedagog\u00eda.<\/li>\n<li style=\"text-align: justify;\">Uso de Algebraix<\/li>\n<li style=\"text-align: justify;\">Boleta de calificaciones y sistema de Recuperaciones por bloque.<\/li>\n<li style=\"text-align: justify;\">Proyecto de Responsabilidad Social del grado.<\/li>\n<li style=\"text-align: justify;\">Plan Anual de trabajo de secundaria.<\/li>\n<\/ol>\n<p style=\"text-align: center;\"><span style=\"color: #ff0000;\"><span style=\"text-decoration: underline;\"><span style=\"color: #000000; text-decoration: underline;\"><strong>F<\/strong><\/span><strong><span style=\"color: #000000; text-decoration: underline;\">AVOR DE FIRMAR DE ENTERADOS EN LA AGENDA, EN EL APARTADO DE AVISOS Y CIRCULARES.<\/span><\/strong><\/span><\/span><\/p>\n<p>Agradeciendo de antemano su atenci\u00f3n a la presente, quedo de ustedes.<br \/>\nA t e n t a m e n t e .<br \/>\nLic. Graciela Guadalupe Maga\u00f1a Blanco<br \/>\nCoordinadora de Secundaria<\/p>\n","protected":false},"excerpt":{"rendered":"<p>2015-016\/Secundaria\/002 2 de septiembre, 2015 1\u00aa CIRCULAR DE SECCI\u00d3N DEL MES DE SEPTIEMBRE Estimados Padres de Familia: Reciban con la presente un atento saludo y la m\u00e1s cordial bienvenida al Ciclo Escolar 2015-2016, un\u00a0a\u00f1o que comienza y que juntos padres de familia, alumnos y maestros, nos esforzaremos cada cual\u00a0desde su propia misi\u00f3n, para dar lo mejor de nosotros mismos y&nbsp;<a href=\"https:\/\/www.lasallechihuahua.edu.mx\/wordpress\/2015\/09\/circular-secundaria-reunion-de-padres-de-familia\/\">[&hellip;]<\/a><\/p>\n","protected":false},"author":2,"featured_media":1171,"comment_status":"closed","ping_status":"open","sticky":false,"template":"","format":"standard","meta":[],"categories":[186,13],"tags":[],"_links":{"self":[{"href":"https:\/\/www.lasallechihuahua.edu.mx\/wordpress\/wp-json\/wp\/v2\/posts\/1639"}],"collection":[{"href":"https:\/\/www.lasallechihuahua.edu.mx\/wordpress\/wp-json\/wp\/v2\/posts"}],"about":[{"href":"https:\/\/www.lasallechihuahua.edu.mx\/wordpress\/wp-json\/wp\/v2\/types\/post"}],"author":[{"embeddable":true,"href":"https:\/\/www.lasallechihuahua.edu.mx\/wordpress\/wp-json\/wp\/v2\/users\/2"}],"replies":[{"embeddable":true,"href":"https:\/\/www.lasallechihuahua.edu.mx\/wordpress\/wp-json\/wp\/v2\/comments?post=1639"}],"version-history":[{"count":1,"href":"https:\/\/www.lasallechihuahua.edu.mx\/wordpress\/wp-json\/wp\/v2\/posts\/1639\/revisions"}],"predecessor-version":[{"id":1641,"href":"https:\/\/www.lasallechihuahua.edu.mx\/wordpress\/wp-json\/wp\/v2\/posts\/1639\/revisions\/1641"}],"wp:featuredmedia":[{"embeddable":true,"href":"https:\/\/www.lasallechihuahua.edu.mx\/wordpress\/wp-json\/wp\/v2\/media\/1171"}],"wp:attachment":[{"href":"https:\/\/www.lasallechihuahua.edu.mx\/wordpress\/wp-json\/wp\/v2\/media?parent=1639"}],"wp:term":[{"taxonomy":"category","embeddable":true,"href":"https:\/\/www.lasallechihuahua.edu.mx\/wordpress\/wp-json\/wp\/v2\/categories?post=1639"},{"taxonomy":"post_tag","embeddable":true,"href":"https:\/\/www.lasallechihuahua.edu.mx\/wordpress\/wp-json\/wp\/v2\/tags?post=1639"}],"curies":[{"name":"wp","href":"https:\/\/api.w.org\/{rel}","templated":true}]}}