{"id":1628,"date":"2015-08-31T12:17:11","date_gmt":"2015-08-31T18:17:11","guid":{"rendered":"http:\/\/www.lasallechihuahua.edu.mx\/wordpress\/?p=1628"},"modified":"2015-09-14T10:37:36","modified_gmt":"2015-09-14T16:37:36","slug":"circular-preescolar-primera-reunion-padres-de-familia","status":"publish","type":"post","link":"https:\/\/www.lasallechihuahua.edu.mx\/wordpress\/2015\/08\/circular-preescolar-primera-reunion-padres-de-familia\/","title":{"rendered":"Circular Preescolar: Primera Reuni\u00f3n Padres de Familia"},"content":{"rendered":"<p style=\"text-align: right;\">Preescolar 01<br \/>\n31 de agosto de 2015<\/p>\n<p style=\"text-align: justify;\">Estimados Padres de Familia:<\/p>\n<p style=\"text-align: justify;\">Sean todos y cada uno de ustedes bienvenidos al preescolar de Instituto La Salle. Para algunos por primera vez y otros que\u00a0reinician la vida escolar de sus hijos en este plantel educativo.<\/p>\n<p style=\"text-align: justify;\">El preescolar toma vida nuevamente con la presencia de los m\u00e1s peque\u00f1os de nuestros alumnos (as) y es para nosotros\u00a0motivo de gran alegr\u00eda poder comenzar un ciclo escolar m\u00e1s contando con su confianza y compartiendo su educaci\u00f3n. Detallamos a continuaci\u00f3n informaci\u00f3n relevante la cual les pedimos tomen en cuenta para una mayor organizaci\u00f3n.<\/p>\n<p style=\"text-align: justify;\"><span style=\"text-decoration: underline;\">A partir de este Lunes 31 Agosto<\/span><br \/>\nHorarios:<\/p>\n<ul>\n<li>Lunes a Jueves \u00a0&#8211;\u00a0Entrada a las 07:50 a.m, Salida 13:45 horas.<\/li>\n<li>Viernes &#8211;\u00a0Entrada a las 07:50 a.m, Salida 12:30 horas.<\/li>\n<\/ul>\n<p>Uniforme<\/p>\n<ul>\n<li>Lunes &#8211; De Gala completo y zapato negro escolar.<\/li>\n<li>Martes a Viernes &#8211;\u00a0Deportivo completo y tenis blanco o negro con cierre de velcro.<\/li>\n<\/ul>\n<p style=\"text-align: justify;\">De igual manera les informamos que el d\u00eda\u00a0mi\u00e9rcoles 02 de septiembre tendremos nuestra Primer Junta de Padres\u00a0de Familia a las 20:00 hrs en el auditorio Hno. Gilberto Lozano. Les pedimos su amable presencia ya que se tratar\u00e1n temas\u00a0importantes en relaci\u00f3n con la din\u00e1mica de trabajo de cada grupo.<\/p>\n<p style=\"text-align: justify;\">Esta semana continuamos con refrigerio libre, en los pr\u00f3ximos d\u00edas se enviar\u00e1 v\u00eda Algebraix el men\u00fa correspondiente al\u00a0mes de Septiembre y si usted desea el servicio de cafeter\u00eda le pedimos pase a direcci\u00f3n general a realizar el pago de las\u00a0semanas del mes en curso. El costo por d\u00eda es de $17.00. Le pedimos que realice el pago antes del d\u00eda viernes 04 ya que\u00a0cafeter\u00eda no aceptar\u00e1 pagos extempor\u00e1neos.<\/p>\n<p style=\"text-align: justify;\">Agradecemos su atenci\u00f3n a la presente y esperando atenderlos personalmente nos despedimos<\/p>\n<p style=\"text-align: justify;\">Atentamente<\/p>\n<p style=\"text-align: justify;\">Lic.\u00a0Dulce Griselda Baca.\u00a0Coordinadora de Preescolar<\/p>\n<p style=\"text-align: justify;\">MCE Rodrigo Sandoval Candete.\u00a0Director General<\/p>\n<p>&nbsp;<\/p>\n","protected":false},"excerpt":{"rendered":"<p>Preescolar 01 31 de agosto de 2015 Estimados Padres de Familia: Sean todos y cada uno de ustedes bienvenidos al preescolar de Instituto La Salle. Para algunos por primera vez y otros que\u00a0reinician la vida escolar de sus hijos en este plantel educativo. El preescolar toma vida nuevamente con la presencia de los m\u00e1s peque\u00f1os de nuestros alumnos (as) y&nbsp;<a href=\"https:\/\/www.lasallechihuahua.edu.mx\/wordpress\/2015\/08\/circular-preescolar-primera-reunion-padres-de-familia\/\">[&hellip;]<\/a><\/p>\n","protected":false},"author":2,"featured_media":1169,"comment_status":"closed","ping_status":"open","sticky":false,"template":"","format":"standard","meta":[],"categories":[186,3],"tags":[],"_links":{"self":[{"href":"https:\/\/www.lasallechihuahua.edu.mx\/wordpress\/wp-json\/wp\/v2\/posts\/1628"}],"collection":[{"href":"https:\/\/www.lasallechihuahua.edu.mx\/wordpress\/wp-json\/wp\/v2\/posts"}],"about":[{"href":"https:\/\/www.lasallechihuahua.edu.mx\/wordpress\/wp-json\/wp\/v2\/types\/post"}],"author":[{"embeddable":true,"href":"https:\/\/www.lasallechihuahua.edu.mx\/wordpress\/wp-json\/wp\/v2\/users\/2"}],"replies":[{"embeddable":true,"href":"https:\/\/www.lasallechihuahua.edu.mx\/wordpress\/wp-json\/wp\/v2\/comments?post=1628"}],"version-history":[{"count":2,"href":"https:\/\/www.lasallechihuahua.edu.mx\/wordpress\/wp-json\/wp\/v2\/posts\/1628\/revisions"}],"predecessor-version":[{"id":1695,"href":"https:\/\/www.lasallechihuahua.edu.mx\/wordpress\/wp-json\/wp\/v2\/posts\/1628\/revisions\/1695"}],"wp:featuredmedia":[{"embeddable":true,"href":"https:\/\/www.lasallechihuahua.edu.mx\/wordpress\/wp-json\/wp\/v2\/media\/1169"}],"wp:attachment":[{"href":"https:\/\/www.lasallechihuahua.edu.mx\/wordpress\/wp-json\/wp\/v2\/media?parent=1628"}],"wp:term":[{"taxonomy":"category","embeddable":true,"href":"https:\/\/www.lasallechihuahua.edu.mx\/wordpress\/wp-json\/wp\/v2\/categories?post=1628"},{"taxonomy":"post_tag","embeddable":true,"href":"https:\/\/www.lasallechihuahua.edu.mx\/wordpress\/wp-json\/wp\/v2\/tags?post=1628"}],"curies":[{"name":"wp","href":"https:\/\/api.w.org\/{rel}","templated":true}]}}