{"id":1613,"date":"2015-08-27T10:01:05","date_gmt":"2015-08-27T16:01:05","guid":{"rendered":"http:\/\/www.lasallechihuahua.edu.mx\/wordpress\/?p=1613"},"modified":"2015-08-27T10:07:10","modified_gmt":"2015-08-27T16:07:10","slug":"circular-primaria-reunion-padres-de-familia","status":"publish","type":"post","link":"https:\/\/www.lasallechihuahua.edu.mx\/wordpress\/2015\/08\/circular-primaria-reunion-padres-de-familia\/","title":{"rendered":"Circular Primaria: Reuni\u00f3n Padres de Familia"},"content":{"rendered":"<p style=\"text-align: right;\">Ciclo Escolar 2015 \u2013 2016<\/p>\n<p style=\"text-align: right;\">Primera Circular de Primaria del mes de agosto<\/p>\n<p style=\"text-align: right;\">Secci\u00f3n Primaria 01\/2015 -2016 26 de agosto de 2015<\/p>\n<p>Estimados Padres de Familia:<\/p>\n<p style=\"text-align: justify;\">Sean todos ustedes bienvenidos a la Primaria del Instituto La Salle, para algunos por primera vez y otros que reinician la vida escolar de sus hijos en este plantel educativo. De acuerdo a la fecha se\u00f1alada en la agenda escolar de nuestra primera junta del ciclo escolar, que se llevar\u00e1 a cabo el d\u00eda Lunes 31 de agosto en el gimnasio San Juan Bautista de la Salle, a las 20:00 hrs.<\/p>\n<p style=\"text-align: justify;\">Con el deseo de estar con ustedes en este acompa\u00f1amiento de proceso de ense\u00f1anza aprendizaje de su hijo (a), es muy importante su asistencia y puntualidad. Muchas gracias por su apoyo.<\/p>\n<p style=\"text-align: justify;\">Atentamente<\/p>\n<p style=\"text-align: justify;\">Lic. Gila Elizabeth Cornejo Leyva. Coordinadora de Primaria.<\/p>\n<p style=\"text-align: justify;\">MCE. Rodrigo Sandoval Candete Director General<\/p>\n","protected":false},"excerpt":{"rendered":"<p>Ciclo Escolar 2015 \u2013 2016 Primera Circular de Primaria del mes de agosto Secci\u00f3n Primaria 01\/2015 -2016 26 de agosto de 2015 Estimados Padres de Familia: Sean todos ustedes bienvenidos a la Primaria del Instituto La Salle, para algunos por primera vez y otros que reinician la vida escolar de sus hijos en este plantel educativo. De acuerdo a la&nbsp;<a href=\"https:\/\/www.lasallechihuahua.edu.mx\/wordpress\/2015\/08\/circular-primaria-reunion-padres-de-familia\/\">[&hellip;]<\/a><\/p>\n","protected":false},"author":2,"featured_media":1170,"comment_status":"closed","ping_status":"open","sticky":false,"template":"","format":"standard","meta":[],"categories":[186,13],"tags":[],"_links":{"self":[{"href":"https:\/\/www.lasallechihuahua.edu.mx\/wordpress\/wp-json\/wp\/v2\/posts\/1613"}],"collection":[{"href":"https:\/\/www.lasallechihuahua.edu.mx\/wordpress\/wp-json\/wp\/v2\/posts"}],"about":[{"href":"https:\/\/www.lasallechihuahua.edu.mx\/wordpress\/wp-json\/wp\/v2\/types\/post"}],"author":[{"embeddable":true,"href":"https:\/\/www.lasallechihuahua.edu.mx\/wordpress\/wp-json\/wp\/v2\/users\/2"}],"replies":[{"embeddable":true,"href":"https:\/\/www.lasallechihuahua.edu.mx\/wordpress\/wp-json\/wp\/v2\/comments?post=1613"}],"version-history":[{"count":3,"href":"https:\/\/www.lasallechihuahua.edu.mx\/wordpress\/wp-json\/wp\/v2\/posts\/1613\/revisions"}],"predecessor-version":[{"id":1617,"href":"https:\/\/www.lasallechihuahua.edu.mx\/wordpress\/wp-json\/wp\/v2\/posts\/1613\/revisions\/1617"}],"wp:featuredmedia":[{"embeddable":true,"href":"https:\/\/www.lasallechihuahua.edu.mx\/wordpress\/wp-json\/wp\/v2\/media\/1170"}],"wp:attachment":[{"href":"https:\/\/www.lasallechihuahua.edu.mx\/wordpress\/wp-json\/wp\/v2\/media?parent=1613"}],"wp:term":[{"taxonomy":"category","embeddable":true,"href":"https:\/\/www.lasallechihuahua.edu.mx\/wordpress\/wp-json\/wp\/v2\/categories?post=1613"},{"taxonomy":"post_tag","embeddable":true,"href":"https:\/\/www.lasallechihuahua.edu.mx\/wordpress\/wp-json\/wp\/v2\/tags?post=1613"}],"curies":[{"name":"wp","href":"https:\/\/api.w.org\/{rel}","templated":true}]}}