{"id":1486,"date":"2015-05-07T12:44:38","date_gmt":"2015-05-07T18:44:38","guid":{"rendered":"http:\/\/www.lasallechihuahua.edu.mx\/wordpress\/?p=1486"},"modified":"2015-05-07T12:47:08","modified_gmt":"2015-05-07T18:47:08","slug":"circular-primaria-papas-lectores-mayo-2015","status":"publish","type":"post","link":"https:\/\/www.lasallechihuahua.edu.mx\/wordpress\/2015\/05\/circular-primaria-papas-lectores-mayo-2015\/","title":{"rendered":"Circular Primaria: Pap\u00e1s Lectores Mayo 2015"},"content":{"rendered":"<p>Pap\u00e1, Mam\u00e1:<\/p>\n<p style=\"text-align: justify;\">Te recuerdo que en mi Colegio tenemos un taller de Pap\u00e1s Lectores.\u00a0 Por lo que te pido apoyemos dicha actividad.\u00a0 Para m\u00ed es de gran importancia y utilidad, ya que me ayudar\u00e1 a mejorar mi ortograf\u00eda, aumentar mi vocabulario y despertar mi imaginaci\u00f3n con los interesantes libros que leeremos juntos.<\/p>\n<p style=\"text-align: justify;\">Ven al sal\u00f3n a leer y convive con mis compa\u00f1eros y conmigo.\u00a0 Bienvenidos abuelitos, abuelitas, t\u00edos, t\u00edas.<\/p>\n<p style=\"text-align: justify;\">Te pido tambi\u00e9n asistas al taller de preparaci\u00f3n en el cual elegir\u00e1s un libro y te enterar\u00e1s como es la mec\u00e1nica de la lectura en grupos.\u00a0 Te esperamos en la Biblioteca San Miguel Febres Cordero, <strong>el jueves 7 de mayo a las 8:00 a.m.<\/strong> La lectura en mi grupo ser\u00e1 el jueves 14 de mayo.<\/p>\n<p style=\"text-align: center;\">\u00a1No faltes para m\u00ed es muy importante tu compa\u00f1\u00eda!<\/p>\n<p>Esperamos a los pap\u00e1s, mam\u00e1s, abuelitos de alumnos incluidos en la circular adjunta.<\/p>\n<p>Descargar\u00a0<a href=\"https:\/\/www.lasallechihuahua.edu.mx\/wordpress\/wp-content\/uploads\/2015\/05\/8-Circular-Pap\u00e1s-Lectores-mayo-2015.pdf\">\u00a0&#8211; Circular Pap\u00e1s Lectores mayo 2015<\/a><\/p>\n","protected":false},"excerpt":{"rendered":"<p>Pap\u00e1, Mam\u00e1: Te recuerdo que en mi Colegio tenemos un taller de Pap\u00e1s Lectores.\u00a0 Por lo que te pido apoyemos dicha actividad.\u00a0 Para m\u00ed es de gran importancia y utilidad, ya que me ayudar\u00e1 a mejorar mi ortograf\u00eda, aumentar mi vocabulario y despertar mi imaginaci\u00f3n con los interesantes libros que leeremos juntos. Ven al sal\u00f3n a leer y convive con&nbsp;<a href=\"https:\/\/www.lasallechihuahua.edu.mx\/wordpress\/2015\/05\/circular-primaria-papas-lectores-mayo-2015\/\">[&hellip;]<\/a><\/p>\n","protected":false},"author":2,"featured_media":1170,"comment_status":"closed","ping_status":"open","sticky":false,"template":"","format":"standard","meta":[],"categories":[186,16],"tags":[],"_links":{"self":[{"href":"https:\/\/www.lasallechihuahua.edu.mx\/wordpress\/wp-json\/wp\/v2\/posts\/1486"}],"collection":[{"href":"https:\/\/www.lasallechihuahua.edu.mx\/wordpress\/wp-json\/wp\/v2\/posts"}],"about":[{"href":"https:\/\/www.lasallechihuahua.edu.mx\/wordpress\/wp-json\/wp\/v2\/types\/post"}],"author":[{"embeddable":true,"href":"https:\/\/www.lasallechihuahua.edu.mx\/wordpress\/wp-json\/wp\/v2\/users\/2"}],"replies":[{"embeddable":true,"href":"https:\/\/www.lasallechihuahua.edu.mx\/wordpress\/wp-json\/wp\/v2\/comments?post=1486"}],"version-history":[{"count":1,"href":"https:\/\/www.lasallechihuahua.edu.mx\/wordpress\/wp-json\/wp\/v2\/posts\/1486\/revisions"}],"predecessor-version":[{"id":1490,"href":"https:\/\/www.lasallechihuahua.edu.mx\/wordpress\/wp-json\/wp\/v2\/posts\/1486\/revisions\/1490"}],"wp:featuredmedia":[{"embeddable":true,"href":"https:\/\/www.lasallechihuahua.edu.mx\/wordpress\/wp-json\/wp\/v2\/media\/1170"}],"wp:attachment":[{"href":"https:\/\/www.lasallechihuahua.edu.mx\/wordpress\/wp-json\/wp\/v2\/media?parent=1486"}],"wp:term":[{"taxonomy":"category","embeddable":true,"href":"https:\/\/www.lasallechihuahua.edu.mx\/wordpress\/wp-json\/wp\/v2\/categories?post=1486"},{"taxonomy":"post_tag","embeddable":true,"href":"https:\/\/www.lasallechihuahua.edu.mx\/wordpress\/wp-json\/wp\/v2\/tags?post=1486"}],"curies":[{"name":"wp","href":"https:\/\/api.w.org\/{rel}","templated":true}]}}