{"id":1407,"date":"2015-04-14T15:01:19","date_gmt":"2015-04-14T21:01:19","guid":{"rendered":"http:\/\/www.lasallechihuahua.edu.mx\/wordpress\/?p=1407"},"modified":"2015-05-07T12:47:35","modified_gmt":"2015-05-07T18:47:35","slug":"circular-primaria-fotografia-certificado","status":"publish","type":"post","link":"https:\/\/www.lasallechihuahua.edu.mx\/wordpress\/2015\/04\/circular-primaria-fotografia-certificado\/","title":{"rendered":"Circular Primaria: Fotograf\u00eda Certificado"},"content":{"rendered":"<p>Estimados Padres de Familia:<\/p>\n<p>La fiesta de Pascua, la m\u00e1s imp\u00f3rtante del ciclo Lit\u00fargico, debe ser plena de sentido y significado en nuestras vidas como bautizados comprometidos. Deseamos que en este periodo lit\u00fargico que actualmente estamos viviendo avive en nuestras personas el deseo de ser mejores cada d\u00eda.<\/p>\n<p>Antes de finalizar el sexto grado de primaria, se toman las fotograf\u00edas que integrar\u00e1n el certificado, \u00e9sta se llevar\u00e1 cabo el mi\u00e9rcoles 15 de abril. (\u00danicamente este d\u00eda ser\u00e1 la toma de la fotograf\u00eda) Es importante asistir con el <strong>uniforme de gala<\/strong> .<\/p>\n<p>Por ser una fotograf\u00eda que formar\u00e1 parte de un documento oficial se tiene que observar los siguientes requerimientos, ante los cuales les pedimos su exacta observaci\u00f3n:<\/p>\n<p>1.- \u00a0\u00a0 Cabello corto para los hombres.<\/p>\n<p>2.- \u00a0\u00a0 Bien peinado, sin el cabello parado, tipo punk: hombres y mujeres.<\/p>\n<p>3.- \u00a0\u00a0 Con frente y orejas despejadas: hombres y mujeres.<\/p>\n<p>4.- \u00a0\u00a0 Sin aretes y \u00a0lentes.<\/p>\n<p>5.- \u00a0\u00a0 En el caso de las ni\u00f1as el pelo recogido y ning\u00fan adorno en el cabeza,<\/p>\n<p>&nbsp;<\/p>\n<p>Agadecemos su apoyo en esta actividad, de manera especial que vengan arreglados desde casa, a fin de agilizar la toma de las fotograf\u00edas, ya que no nos permitir\u00e1n peinarlos por cuestiones de tiempo.<\/p>\n<p>Agradecemos su atenci\u00f3n a la presente.<\/p>\n<p>&nbsp;<\/p>\n<p>Hno. Rodrigo Sandoval Candete<\/p>\n<p>Director General<\/p>\n<p>&nbsp;<\/p>\n<p>Lic. Gila Elizabeth Cornejo Leyva<\/p>\n<p>Coordinadora\u00a0 de Primaria.<\/p>\n<p>&nbsp;<\/p>\n<p style=\"text-align: center;\"><strong>FAVOR DE FIRMAR DE ENTERADOS, POR MEDIO DE LA AGENDA<\/strong><\/p>\n<p>&nbsp;<\/p>\n","protected":false},"excerpt":{"rendered":"<p>Estimados Padres de Familia: La fiesta de Pascua, la m\u00e1s imp\u00f3rtante del ciclo Lit\u00fargico, debe ser plena de sentido y significado en nuestras vidas como bautizados comprometidos. Deseamos que en este periodo lit\u00fargico que actualmente estamos viviendo avive en nuestras personas el deseo de ser mejores cada d\u00eda. Antes de finalizar el sexto grado de primaria, se toman las fotograf\u00edas&nbsp;<a href=\"https:\/\/www.lasallechihuahua.edu.mx\/wordpress\/2015\/04\/circular-primaria-fotografia-certificado\/\">[&hellip;]<\/a><\/p>\n","protected":false},"author":2,"featured_media":1170,"comment_status":"closed","ping_status":"open","sticky":false,"template":"","format":"standard","meta":[],"categories":[186,16],"tags":[],"_links":{"self":[{"href":"https:\/\/www.lasallechihuahua.edu.mx\/wordpress\/wp-json\/wp\/v2\/posts\/1407"}],"collection":[{"href":"https:\/\/www.lasallechihuahua.edu.mx\/wordpress\/wp-json\/wp\/v2\/posts"}],"about":[{"href":"https:\/\/www.lasallechihuahua.edu.mx\/wordpress\/wp-json\/wp\/v2\/types\/post"}],"author":[{"embeddable":true,"href":"https:\/\/www.lasallechihuahua.edu.mx\/wordpress\/wp-json\/wp\/v2\/users\/2"}],"replies":[{"embeddable":true,"href":"https:\/\/www.lasallechihuahua.edu.mx\/wordpress\/wp-json\/wp\/v2\/comments?post=1407"}],"version-history":[{"count":1,"href":"https:\/\/www.lasallechihuahua.edu.mx\/wordpress\/wp-json\/wp\/v2\/posts\/1407\/revisions"}],"predecessor-version":[{"id":1409,"href":"https:\/\/www.lasallechihuahua.edu.mx\/wordpress\/wp-json\/wp\/v2\/posts\/1407\/revisions\/1409"}],"wp:featuredmedia":[{"embeddable":true,"href":"https:\/\/www.lasallechihuahua.edu.mx\/wordpress\/wp-json\/wp\/v2\/media\/1170"}],"wp:attachment":[{"href":"https:\/\/www.lasallechihuahua.edu.mx\/wordpress\/wp-json\/wp\/v2\/media?parent=1407"}],"wp:term":[{"taxonomy":"category","embeddable":true,"href":"https:\/\/www.lasallechihuahua.edu.mx\/wordpress\/wp-json\/wp\/v2\/categories?post=1407"},{"taxonomy":"post_tag","embeddable":true,"href":"https:\/\/www.lasallechihuahua.edu.mx\/wordpress\/wp-json\/wp\/v2\/tags?post=1407"}],"curies":[{"name":"wp","href":"https:\/\/api.w.org\/{rel}","templated":true}]}}