{"id":1356,"date":"2015-03-11T14:24:34","date_gmt":"2015-03-11T21:24:34","guid":{"rendered":"http:\/\/www.lasallechihuahua.edu.mx\/wordpress\/?p=1356"},"modified":"2015-03-11T14:24:34","modified_gmt":"2015-03-11T21:24:34","slug":"circular-preparatoria-visita-al-heraldo","status":"publish","type":"post","link":"https:\/\/www.lasallechihuahua.edu.mx\/wordpress\/2015\/03\/circular-preparatoria-visita-al-heraldo\/","title":{"rendered":"Circular Preparatoria: Visita al Heraldo"},"content":{"rendered":"<p>Estimados Padres de Familia:<\/p>\n<p style=\"text-align: justify;\">Despu\u00e9s de saludarlos afectuosamente, les informamos, que los alumnos de los Grupos <strong>6\u00b0D<\/strong> y <strong>6\u00b0E<\/strong>,\u00a0quienes llevan en su formaci\u00f3n acad\u00e9mica la materia de Comunicaci\u00f3n, impartida por la Maestra\u00a0Marisa Licona S\u00e1enz, realizar\u00e1n una visita cultural, a la casa editora \u201cEl Heraldo\u201d.<\/p>\n<p style=\"text-align: justify;\">La visita se llevar\u00e1 a cabo para el Grupo de <strong>6\u00b0E<\/strong> el viernes 13 de marzo y para el <strong>6\u00b0D<\/strong> el viernes 20 de\u00a0marzo, en horario de 9:00 a 14:00 Hrs., acompa\u00f1\u00e1ndolos la maestra titular de la materia.<\/p>\n<p style=\"text-align: justify;\">Agradecemos de antemano su apoyo para que su hijo (a) asista a este evento, quedamos de ustedes a\u00a0sus \u00f3rdenes.<\/p>\n<p style=\"text-align: center;\">A T E N T A M E N T E<\/p>\n<p>Hno. Luis Ernesto Ochoa Briones, F.S.C.<br \/>\nCoordinador de Preparatoria<\/p>\n<p>&nbsp;<\/p>\n","protected":false},"excerpt":{"rendered":"<p>Estimados Padres de Familia: Despu\u00e9s de saludarlos afectuosamente, les informamos, que los alumnos de los Grupos 6\u00b0D y 6\u00b0E,\u00a0quienes llevan en su formaci\u00f3n acad\u00e9mica la materia de Comunicaci\u00f3n, impartida por la Maestra\u00a0Marisa Licona S\u00e1enz, realizar\u00e1n una visita cultural, a la casa editora \u201cEl Heraldo\u201d. La visita se llevar\u00e1 a cabo para el Grupo de 6\u00b0E el viernes 13 de marzo&nbsp;<a href=\"https:\/\/www.lasallechihuahua.edu.mx\/wordpress\/2015\/03\/circular-preparatoria-visita-al-heraldo\/\">[&hellip;]<\/a><\/p>\n","protected":false},"author":2,"featured_media":1168,"comment_status":"closed","ping_status":"open","sticky":false,"template":"","format":"standard","meta":[],"categories":[186,8],"tags":[],"_links":{"self":[{"href":"https:\/\/www.lasallechihuahua.edu.mx\/wordpress\/wp-json\/wp\/v2\/posts\/1356"}],"collection":[{"href":"https:\/\/www.lasallechihuahua.edu.mx\/wordpress\/wp-json\/wp\/v2\/posts"}],"about":[{"href":"https:\/\/www.lasallechihuahua.edu.mx\/wordpress\/wp-json\/wp\/v2\/types\/post"}],"author":[{"embeddable":true,"href":"https:\/\/www.lasallechihuahua.edu.mx\/wordpress\/wp-json\/wp\/v2\/users\/2"}],"replies":[{"embeddable":true,"href":"https:\/\/www.lasallechihuahua.edu.mx\/wordpress\/wp-json\/wp\/v2\/comments?post=1356"}],"version-history":[{"count":1,"href":"https:\/\/www.lasallechihuahua.edu.mx\/wordpress\/wp-json\/wp\/v2\/posts\/1356\/revisions"}],"predecessor-version":[{"id":1358,"href":"https:\/\/www.lasallechihuahua.edu.mx\/wordpress\/wp-json\/wp\/v2\/posts\/1356\/revisions\/1358"}],"wp:featuredmedia":[{"embeddable":true,"href":"https:\/\/www.lasallechihuahua.edu.mx\/wordpress\/wp-json\/wp\/v2\/media\/1168"}],"wp:attachment":[{"href":"https:\/\/www.lasallechihuahua.edu.mx\/wordpress\/wp-json\/wp\/v2\/media?parent=1356"}],"wp:term":[{"taxonomy":"category","embeddable":true,"href":"https:\/\/www.lasallechihuahua.edu.mx\/wordpress\/wp-json\/wp\/v2\/categories?post=1356"},{"taxonomy":"post_tag","embeddable":true,"href":"https:\/\/www.lasallechihuahua.edu.mx\/wordpress\/wp-json\/wp\/v2\/tags?post=1356"}],"curies":[{"name":"wp","href":"https:\/\/api.w.org\/{rel}","templated":true}]}}