{"id":1304,"date":"2015-02-17T12:09:33","date_gmt":"2015-02-17T19:09:33","guid":{"rendered":"http:\/\/www.lasallechihuahua.edu.mx\/wordpress\/?p=1304"},"modified":"2015-02-17T12:09:33","modified_gmt":"2015-02-17T19:09:33","slug":"circular-secundaria-imposicion-de-cenizas-en-centro-comunitario-grupo-torre","status":"publish","type":"post","link":"https:\/\/www.lasallechihuahua.edu.mx\/wordpress\/2015\/02\/circular-secundaria-imposicion-de-cenizas-en-centro-comunitario-grupo-torre\/","title":{"rendered":"Circular Secundaria: Imposici\u00f3n de Cenizas en Centro Comunitario. Grupo Torre"},"content":{"rendered":"<p>Estimados Padres de Familia:<\/p>\n<p style=\"text-align: justify;\">Por medio de la presente les notifico que los alumnos de Grupo Torre, tienen programada una salida al Centro\u00a0Comunitario San Miguel Febres Cordero, para participar en la ceremonia de imposici\u00f3n de ceniza.<\/p>\n<p style=\"text-align: justify;\">La salida ser\u00e1 el mi\u00e9rcoles 18 de febrero del a\u00f1o en curso a las 3:30 pm del estacionamiento de La Cafeter\u00eda La\u00a0Salle, y su regreso ser\u00e1 a las 7:00 pm en el mismo lugar de partida.<\/p>\n<p style=\"text-align: justify;\">As\u00ed mismo se les est\u00e1 solicitando la cantidad de $20.00 pesos para cubrir los gastos de transporte, para\u00a0cualquier duda comunicarse con el Asesor Alfredo Arroyo Flores al Tel: 614- 247-34-60.<\/p>\n<p style=\"text-align: justify;\">Reiter\u00e1ndoles mi agradecimiento, les envi\u00f3 un cordial saludo.<\/p>\n<p style=\"text-align: center;\">\nAtentamente.<br \/>\nAlfredo Arroyos Flores<br \/>\nAsesor De Grupo Torre<\/p>\n","protected":false},"excerpt":{"rendered":"<p>Estimados Padres de Familia: Por medio de la presente les notifico que los alumnos de Grupo Torre, tienen programada una salida al Centro\u00a0Comunitario San Miguel Febres Cordero, para participar en la ceremonia de imposici\u00f3n de ceniza. La salida ser\u00e1 el mi\u00e9rcoles 18 de febrero del a\u00f1o en curso a las 3:30 pm del estacionamiento de La Cafeter\u00eda La\u00a0Salle, y su&nbsp;<a href=\"https:\/\/www.lasallechihuahua.edu.mx\/wordpress\/2015\/02\/circular-secundaria-imposicion-de-cenizas-en-centro-comunitario-grupo-torre\/\">[&hellip;]<\/a><\/p>\n","protected":false},"author":2,"featured_media":1171,"comment_status":"closed","ping_status":"open","sticky":false,"template":"","format":"standard","meta":[],"categories":[186,13],"tags":[],"_links":{"self":[{"href":"https:\/\/www.lasallechihuahua.edu.mx\/wordpress\/wp-json\/wp\/v2\/posts\/1304"}],"collection":[{"href":"https:\/\/www.lasallechihuahua.edu.mx\/wordpress\/wp-json\/wp\/v2\/posts"}],"about":[{"href":"https:\/\/www.lasallechihuahua.edu.mx\/wordpress\/wp-json\/wp\/v2\/types\/post"}],"author":[{"embeddable":true,"href":"https:\/\/www.lasallechihuahua.edu.mx\/wordpress\/wp-json\/wp\/v2\/users\/2"}],"replies":[{"embeddable":true,"href":"https:\/\/www.lasallechihuahua.edu.mx\/wordpress\/wp-json\/wp\/v2\/comments?post=1304"}],"version-history":[{"count":1,"href":"https:\/\/www.lasallechihuahua.edu.mx\/wordpress\/wp-json\/wp\/v2\/posts\/1304\/revisions"}],"predecessor-version":[{"id":1306,"href":"https:\/\/www.lasallechihuahua.edu.mx\/wordpress\/wp-json\/wp\/v2\/posts\/1304\/revisions\/1306"}],"wp:featuredmedia":[{"embeddable":true,"href":"https:\/\/www.lasallechihuahua.edu.mx\/wordpress\/wp-json\/wp\/v2\/media\/1171"}],"wp:attachment":[{"href":"https:\/\/www.lasallechihuahua.edu.mx\/wordpress\/wp-json\/wp\/v2\/media?parent=1304"}],"wp:term":[{"taxonomy":"category","embeddable":true,"href":"https:\/\/www.lasallechihuahua.edu.mx\/wordpress\/wp-json\/wp\/v2\/categories?post=1304"},{"taxonomy":"post_tag","embeddable":true,"href":"https:\/\/www.lasallechihuahua.edu.mx\/wordpress\/wp-json\/wp\/v2\/tags?post=1304"}],"curies":[{"name":"wp","href":"https:\/\/api.w.org\/{rel}","templated":true}]}}