{"id":1236,"date":"2015-02-11T11:30:57","date_gmt":"2015-02-11T18:30:57","guid":{"rendered":"http:\/\/www.lasallechihuahua.edu.mx\/wordpress\/?p=1236"},"modified":"2015-02-11T11:30:57","modified_gmt":"2015-02-11T18:30:57","slug":"circular-secundaria-concurso-himno-nacional","status":"publish","type":"post","link":"https:\/\/www.lasallechihuahua.edu.mx\/wordpress\/2015\/02\/circular-secundaria-concurso-himno-nacional\/","title":{"rendered":"Circular Secundaria: Concurso Himno Nacional"},"content":{"rendered":"<p><strong>Estimados Padres de Familia<\/strong><\/p>\n<p style=\"text-align: justify;\">Por medio de la presente me es grato saludarlos, dese\u00e1ndoles salud y bienestar, agradeci\u00e9ndoles siempre su apoyo incondicional en las actividades que realizamos en el Instituto.<\/p>\n<p style=\"text-align: justify;\">Aprovechando este mismo medio, me permito informarles que el taller de coro de secundaria nos representar\u00e1 en el concurso del <strong>\u201cHimno Nacional\u201d<\/strong> que se llevar\u00e1 a cabo el d\u00eda 16 de febrero del presente, \u00a0en el Museo Semilla-Centro de Ciencias y Tecnolog\u00edas ubicado en calle progreso N\u00b0 1201 colonia centro, con un horario de salida del Instituto a las 8:30am y regresando dentro del horario escolar.<\/p>\n<p style=\"text-align: justify;\">Sin m\u00e1s por el momento quedo a sus \u00f3rdenes para cualquier duda o aclaraci\u00f3n y adjuntando a la presente lista de alumnos que participar\u00e1n.<\/p>\n<p style=\"text-align: center;\">Atentamente.<\/p>\n<p style=\"text-align: center;\">Profr. Alejandro Tarango G\u00e1ndara.<\/p>\n<p style=\"text-align: center;\">Coordinador de Art\u00edsticas.<\/p>\n<p style=\"text-align: left;\"><strong>ALUMNOS<\/strong><\/p>\n<ul>\n<li><strong>1\u00b0A: SILVA HERNANDEZ ANA PAULA<\/strong><\/li>\n<li><strong>1\u00b0B: COVARRUBIAS BALDERRAMA\u00a0ANG\u00c9LICA\u00a0MERCEDES<\/strong><\/li>\n<li><strong>1\u00b0D: MEZA FLORES HANNA AILYNE<\/strong><\/li>\n<li><strong>2\u00b0A: LUJAN CHAVEZ NATALIA<\/strong><\/li>\n<li><strong>2\u00b0A: ALARCON MAYNEZ SOFIA ISABEL <\/strong><\/li>\n<li><strong>2\u00b0B: SEGURA AVILA DAVID FERNANDO<\/strong><\/li>\n<li><strong>2\u00b0D: REYES RUBIO LUISA VICTORIA<\/strong><\/li>\n<li><strong>3\u00b0A: BAEZA CINCO NICOLE<\/strong><\/li>\n<li><strong>3\u00b0A: ALDERETE VARELA FRIDA SOFIA<\/strong><\/li>\n<li><strong>3\u00b0A: PONCE ACOSTA CAMILA<\/strong><\/li>\n<li><strong>3\u00b0B: GANDARIA MARIONI DANIELA PAOLA<\/strong><\/li>\n<li><strong>3\u00b0B: RUIZ GUTIERREZ\u00a0 MARIA LILIA<\/strong><\/li>\n<li><strong>3\u00b0B: GOMEZ ANTILLON VALERIA ELIZABETH<\/strong><\/li>\n<li><strong>3\u00b0B: PEREZ ALMEIDA CRISTINA MAR\u00cdA<\/strong><\/li>\n<li><strong>3\u00b0C: PORTILLO ROCHA NICOLE<\/strong><\/li>\n<li><strong>3\u00b0C: TORRES ALVIDREZ ELENA ESTEFANIA<\/strong><\/li>\n<li><strong>3\u00b0C: ACOSTA SAENZ ADRIANA ELIZABETH <\/strong><\/li>\n<li><strong>3\u00b0C: ESCOBEDO SALCIDO PAULINA<\/strong><\/li>\n<li><strong>3\u00b0C: ALVAREZ AGUIRRE ANDRES<\/strong><\/li>\n<li><strong>3\u00b0C:\u00a0ABARCA ALVAREZ TANIA GUADALUPE <\/strong><\/li>\n<li><strong>3\u00b0D: HERRERA AMAYA BEATRIZ MARIA<\/strong><\/li>\n<li><strong>3\u00b0D: ESPINOZA MENDOZA MAURICIO<\/strong><\/li>\n<li><strong>3\u00b0D: DELGADILLO FIERRO VANESSA<\/strong><\/li>\n<li><strong>3\u00b0D: MORALES COLOMO JACQUELINE<\/strong><\/li>\n<li><strong>3\u00b0D: GOMEZ JUAREZ LAYLA<\/strong><\/li>\n<li><strong>3\u00b0D: BELMONTES VILLALOBOS LYDIA MARIA<\/strong><\/li>\n<li><strong>3\u00b0D: MURILLO GUTIERREZ MAURICIO<\/strong><\/li>\n<\/ul>\n","protected":false},"excerpt":{"rendered":"<p>Estimados Padres de Familia Por medio de la presente me es grato saludarlos, dese\u00e1ndoles salud y bienestar, agradeci\u00e9ndoles siempre su apoyo incondicional en las actividades que realizamos en el Instituto. Aprovechando este mismo medio, me permito informarles que el taller de coro de secundaria nos representar\u00e1 en el concurso del \u201cHimno Nacional\u201d que se llevar\u00e1 a cabo el d\u00eda 16&nbsp;<a href=\"https:\/\/www.lasallechihuahua.edu.mx\/wordpress\/2015\/02\/circular-secundaria-concurso-himno-nacional\/\">[&hellip;]<\/a><\/p>\n","protected":false},"author":2,"featured_media":1171,"comment_status":"closed","ping_status":"open","sticky":false,"template":"","format":"standard","meta":[],"categories":[186,13],"tags":[],"_links":{"self":[{"href":"https:\/\/www.lasallechihuahua.edu.mx\/wordpress\/wp-json\/wp\/v2\/posts\/1236"}],"collection":[{"href":"https:\/\/www.lasallechihuahua.edu.mx\/wordpress\/wp-json\/wp\/v2\/posts"}],"about":[{"href":"https:\/\/www.lasallechihuahua.edu.mx\/wordpress\/wp-json\/wp\/v2\/types\/post"}],"author":[{"embeddable":true,"href":"https:\/\/www.lasallechihuahua.edu.mx\/wordpress\/wp-json\/wp\/v2\/users\/2"}],"replies":[{"embeddable":true,"href":"https:\/\/www.lasallechihuahua.edu.mx\/wordpress\/wp-json\/wp\/v2\/comments?post=1236"}],"version-history":[{"count":1,"href":"https:\/\/www.lasallechihuahua.edu.mx\/wordpress\/wp-json\/wp\/v2\/posts\/1236\/revisions"}],"predecessor-version":[{"id":1240,"href":"https:\/\/www.lasallechihuahua.edu.mx\/wordpress\/wp-json\/wp\/v2\/posts\/1236\/revisions\/1240"}],"wp:featuredmedia":[{"embeddable":true,"href":"https:\/\/www.lasallechihuahua.edu.mx\/wordpress\/wp-json\/wp\/v2\/media\/1171"}],"wp:attachment":[{"href":"https:\/\/www.lasallechihuahua.edu.mx\/wordpress\/wp-json\/wp\/v2\/media?parent=1236"}],"wp:term":[{"taxonomy":"category","embeddable":true,"href":"https:\/\/www.lasallechihuahua.edu.mx\/wordpress\/wp-json\/wp\/v2\/categories?post=1236"},{"taxonomy":"post_tag","embeddable":true,"href":"https:\/\/www.lasallechihuahua.edu.mx\/wordpress\/wp-json\/wp\/v2\/tags?post=1236"}],"curies":[{"name":"wp","href":"https:\/\/api.w.org\/{rel}","templated":true}]}}