{"id":1127,"date":"2015-02-03T09:26:12","date_gmt":"2015-02-03T16:26:12","guid":{"rendered":"http:\/\/www.lasallechihuahua.edu.mx\/wordpress\/?p=1127"},"modified":"2015-02-03T09:26:12","modified_gmt":"2015-02-03T16:26:12","slug":"oracion-por-la-paz-y-no-violencia","status":"publish","type":"post","link":"https:\/\/www.lasallechihuahua.edu.mx\/wordpress\/2015\/02\/oracion-por-la-paz-y-no-violencia\/","title":{"rendered":"Oraci\u00f3n por la Paz y No Violencia"},"content":{"rendered":"<p>El Instituto La Salle preocupado por la violencia que nos rodea en todo el mundo, reuni\u00f3 a toda la Comunidad Educativa Lasallista a rezar por la paz y no violencia. Los alumnos desde Preescolar a Preparatoria se reunieron alrededor de la Virgen Mar\u00eda para orar en compa\u00f1\u00eda del Padre Gustavo S\u00e1nchez Prieto &#8220;Negris&#8221;.<br \/>\n&nbsp;<br \/>\n<embed type=\"application\/x-shockwave-flash\" src=\"https:\/\/www.flickr.com\/apps\/slideshow\/show.swf?v=1811922554\" allowFullScreen=\"true\" flashvars=\"offsite=true&#038;lang=es-us&#038;page_show_url=%2Fphotos%2Flasallechihuahua%2Fsets%2F72157650209493707%2Fshow%2F&#038;page_show_back_url=%2Fphotos%2Flasallechihuahua%2Fsets%2F72157650209493707%2F&#038;set_id=72157650209493707&#038;jump_to=\" width=100% height=\"450\"\/><\/p>\n","protected":false},"excerpt":{"rendered":"<p>El Instituto La Salle preocupado por la violencia que nos rodea en todo el mundo, reuni\u00f3 a toda la Comunidad Educativa Lasallista a rezar por la paz y no violencia. Los alumnos desde Preescolar a Preparatoria se reunieron alrededor de la Virgen Mar\u00eda para orar en compa\u00f1\u00eda del Padre Gustavo S\u00e1nchez Prieto &#8220;Negris&#8221;. &nbsp;<\/p>\n","protected":false},"author":3,"featured_media":1129,"comment_status":"closed","ping_status":"open","sticky":false,"template":"","format":"standard","meta":[],"categories":[49,3,52,23,8,16,13],"tags":[120,185,184,130,183,129],"_links":{"self":[{"href":"https:\/\/www.lasallechihuahua.edu.mx\/wordpress\/wp-json\/wp\/v2\/posts\/1127"}],"collection":[{"href":"https:\/\/www.lasallechihuahua.edu.mx\/wordpress\/wp-json\/wp\/v2\/posts"}],"about":[{"href":"https:\/\/www.lasallechihuahua.edu.mx\/wordpress\/wp-json\/wp\/v2\/types\/post"}],"author":[{"embeddable":true,"href":"https:\/\/www.lasallechihuahua.edu.mx\/wordpress\/wp-json\/wp\/v2\/users\/3"}],"replies":[{"embeddable":true,"href":"https:\/\/www.lasallechihuahua.edu.mx\/wordpress\/wp-json\/wp\/v2\/comments?post=1127"}],"version-history":[{"count":1,"href":"https:\/\/www.lasallechihuahua.edu.mx\/wordpress\/wp-json\/wp\/v2\/posts\/1127\/revisions"}],"predecessor-version":[{"id":1130,"href":"https:\/\/www.lasallechihuahua.edu.mx\/wordpress\/wp-json\/wp\/v2\/posts\/1127\/revisions\/1130"}],"wp:featuredmedia":[{"embeddable":true,"href":"https:\/\/www.lasallechihuahua.edu.mx\/wordpress\/wp-json\/wp\/v2\/media\/1129"}],"wp:attachment":[{"href":"https:\/\/www.lasallechihuahua.edu.mx\/wordpress\/wp-json\/wp\/v2\/media?parent=1127"}],"wp:term":[{"taxonomy":"category","embeddable":true,"href":"https:\/\/www.lasallechihuahua.edu.mx\/wordpress\/wp-json\/wp\/v2\/categories?post=1127"},{"taxonomy":"post_tag","embeddable":true,"href":"https:\/\/www.lasallechihuahua.edu.mx\/wordpress\/wp-json\/wp\/v2\/tags?post=1127"}],"curies":[{"name":"wp","href":"https:\/\/api.w.org\/{rel}","templated":true}]}}